{"id":106,"date":"2012-01-24T12:30:29","date_gmt":"2012-01-24T11:30:29","guid":{"rendered":"http:\/\/fundacja.radiopodlasie.pl\/?p=106"},"modified":"2013-11-22T13:01:34","modified_gmt":"2013-11-22T12:01:34","slug":"dlaczego-siegaja-po-alkohol-debata","status":"publish","type":"post","link":"https:\/\/fundacja.radiopodlasie.pl\/?p=106","title":{"rendered":"Dlaczego si\u0119gaj\u0105 po alkohol? &#8211; debata"},"content":{"rendered":"<p>Problem si\u0119gania po alkohol przez nieletnich oraz profilaktyka antyalkoholowa w tym zakresie, by\u0142y tematem debaty zorganizowanej przez Fundacj\u0119.<\/p>\n<p>W dyskusji wzi\u0119li udzia\u0142 Maria Jakimiuk &#8211; psycholog, Anna Grytczuk &#8211; pedagog szkolny z Gimnazjum nr 2 w Bia\u0142ej Podlaskiej, Maria Posiada\u0142a z SPZOZ w \u0141ukowie, by\u0142a wieloletnia Pe\u0142nomocnik Burmistrza \u0141ukowa ds. Rozwi\u0105zywania Problem\u00f3w Alkoholowych oraz Marek \u017burawski \u2013 Radny Miejski, Przewodnicz\u0105cy Miejskiej Komisji Rozwi\u0105zywania Problem\u00f3w Alkoholowych w \u0141ukowie.<\/p>\n<p>Dzia\u0142anie zrealizowane wsp\u00f3lnie z Miejsk\u0105 Komisj\u0105 ds. Rozwi\u0105zywania Problem\u00f3w Alkoholowych w \u0141ukowie.<\/p>\n<p><a href=\"http:\/\/archiwum.radiopodlasie.pl\/?m=20120124\">Pos\u0142uchaj audycji<\/a><\/p>\n<p>&nbsp;<\/p>\n","protected":false},"excerpt":{"rendered":"<p>Problem si\u0119gania po alkohol przez nieletnich oraz profilaktyka antyalkoholowa w tym zakresie, by\u0142y tematem debaty zorganizowanej przez Fundacj\u0119. W dyskusji wzi\u0119li udzia\u0142 Maria Jakimiuk &#8211; psycholog, Anna Grytczuk &#8211; pedagog szkolny z Gimnazjum nr 2 w Bia\u0142ej Podlaskiej, Maria Posiada\u0142a z SPZOZ w \u0141ukowie, by\u0142a wieloletnia Pe\u0142nomocnik Burmistrza \u0141ukowa ds. Rozwi\u0105zywania Problem\u00f3w Alkoholowych oraz Marek [&hellip;]<\/p>\n","protected":false},"author":1,"featured_media":116,"comment_status":"closed","ping_status":"open","sticky":false,"template":"","format":"standard","meta":{"ngg_post_thumbnail":0},"categories":[1],"tags":[],"_links":{"self":[{"href":"https:\/\/fundacja.radiopodlasie.pl\/index.php?rest_route=\/wp\/v2\/posts\/106"}],"collection":[{"href":"https:\/\/fundacja.radiopodlasie.pl\/index.php?rest_route=\/wp\/v2\/posts"}],"about":[{"href":"https:\/\/fundacja.radiopodlasie.pl\/index.php?rest_route=\/wp\/v2\/types\/post"}],"author":[{"embeddable":true,"href":"https:\/\/fundacja.radiopodlasie.pl\/index.php?rest_route=\/wp\/v2\/users\/1"}],"replies":[{"embeddable":true,"href":"https:\/\/fundacja.radiopodlasie.pl\/index.php?rest_route=%2Fwp%2Fv2%2Fcomments&post=106"}],"version-history":[{"count":3,"href":"https:\/\/fundacja.radiopodlasie.pl\/index.php?rest_route=\/wp\/v2\/posts\/106\/revisions"}],"predecessor-version":[{"id":119,"href":"https:\/\/fundacja.radiopodlasie.pl\/index.php?rest_route=\/wp\/v2\/posts\/106\/revisions\/119"}],"wp:featuredmedia":[{"embeddable":true,"href":"https:\/\/fundacja.radiopodlasie.pl\/index.php?rest_route=\/wp\/v2\/media\/116"}],"wp:attachment":[{"href":"https:\/\/fundacja.radiopodlasie.pl\/index.php?rest_route=%2Fwp%2Fv2%2Fmedia&parent=106"}],"wp:term":[{"taxonomy":"category","embeddable":true,"href":"https:\/\/fundacja.radiopodlasie.pl\/index.php?rest_route=%2Fwp%2Fv2%2Fcategories&post=106"},{"taxonomy":"post_tag","embeddable":true,"href":"https:\/\/fundacja.radiopodlasie.pl\/index.php?rest_route=%2Fwp%2Fv2%2Ftags&post=106"}],"curies":[{"name":"wp","href":"https:\/\/api.w.org\/{rel}","templated":true}]}}