{"id":1069,"date":"2018-10-31T15:22:43","date_gmt":"2018-10-31T14:22:43","guid":{"rendered":"http:\/\/fundacja.radiopodlasie.pl\/?p=1069"},"modified":"2018-10-31T15:22:43","modified_gmt":"2018-10-31T14:22:43","slug":"dorosli-na-zajeciach-grzbietami-do-dolu-w-pegazie-w-radzyniu-podlaskim","status":"publish","type":"post","link":"https:\/\/fundacja.radiopodlasie.pl\/?p=1069","title":{"rendered":"Doro\u015bli na zaj\u0119ciach &#8222;Grzbietami do do\u0142u&#8221; w Pegazie w Radzyniu Podlaskim"},"content":{"rendered":"<p><a href=\"http:\/\/fundacja.radiopodlasie.pl\/wp-content\/uploads\/2018\/10\/IMG_4014.jpg\"><img decoding=\"async\" loading=\"lazy\" class=\"alignnone size-medium wp-image-1072\" src=\"http:\/\/fundacja.radiopodlasie.pl\/wp-content\/uploads\/2018\/10\/IMG_4014-300x129.jpg\" alt=\"\" width=\"300\" height=\"129\" srcset=\"https:\/\/fundacja.radiopodlasie.pl\/wp-content\/uploads\/2018\/10\/IMG_4014-300x129.jpg 300w, https:\/\/fundacja.radiopodlasie.pl\/wp-content\/uploads\/2018\/10\/IMG_4014-768x330.jpg 768w, https:\/\/fundacja.radiopodlasie.pl\/wp-content\/uploads\/2018\/10\/IMG_4014.jpg 800w\" sizes=\"(max-width: 300px) 100vw, 300px\" \/><\/a><\/p>\n<p>30 pa\u017adziernika animatorzy Fundacji PCR spotkali si\u0119 z przygodnymi klientami ksi\u0119garni Pegaz w Radzyniu Podlaskim. Kr\u00f3tkie refleksje na temat do\u015bwiadcze\u0144 czytelniczych i korzystania z ma\u0142ych, stacjonarnych ksi\u0119gar\u0144 zdominowa\u0142y spotkanie. W przygotowanym zakatku, mo\u017cna by\u0142o przysi\u0105\u015b\u0107 na rozk\u0142adanym krze\u015ble i pochyli\u0107 si\u0119 spokojnie nad ksi\u0105\u017ck\u0105 oraz nad ankiet\u0105.<\/p>\n<p><a href=\"http:\/\/fundacja.radiopodlasie.pl\/wp-content\/uploads\/2018\/10\/IMG_4005.jpg\"><img decoding=\"async\" loading=\"lazy\" class=\"alignnone size-medium wp-image-1071\" src=\"http:\/\/fundacja.radiopodlasie.pl\/wp-content\/uploads\/2018\/10\/IMG_4005-184x300.jpg\" alt=\"\" width=\"184\" height=\"300\" \/><\/a><a href=\"http:\/\/fundacja.radiopodlasie.pl\/wp-content\/uploads\/2018\/10\/IMG_3998-Kopia.jpg\"><img decoding=\"async\" loading=\"lazy\" class=\"alignnone size-medium wp-image-1070\" src=\"http:\/\/fundacja.radiopodlasie.pl\/wp-content\/uploads\/2018\/10\/IMG_3998-Kopia-300x225.jpg\" alt=\"\" width=\"300\" height=\"225\" srcset=\"https:\/\/fundacja.radiopodlasie.pl\/wp-content\/uploads\/2018\/10\/IMG_3998-Kopia-300x225.jpg 300w, https:\/\/fundacja.radiopodlasie.pl\/wp-content\/uploads\/2018\/10\/IMG_3998-Kopia-768x576.jpg 768w, https:\/\/fundacja.radiopodlasie.pl\/wp-content\/uploads\/2018\/10\/IMG_3998-Kopia.jpg 800w\" sizes=\"(max-width: 300px) 100vw, 300px\" \/><\/a><\/p>\n","protected":false},"excerpt":{"rendered":"<p>30 pa\u017adziernika animatorzy Fundacji PCR spotkali si\u0119 z przygodnymi klientami ksi\u0119garni Pegaz w Radzyniu Podlaskim. Kr\u00f3tkie refleksje na temat do\u015bwiadcze\u0144 czytelniczych i korzystania z ma\u0142ych, stacjonarnych ksi\u0119gar\u0144 zdominowa\u0142y spotkanie. W przygotowanym zakatku, mo\u017cna by\u0142o przysi\u0105\u015b\u0107 na rozk\u0142adanym krze\u015ble i pochyli\u0107 si\u0119 spokojnie nad ksi\u0105\u017ck\u0105 oraz nad ankiet\u0105.<\/p>\n","protected":false},"author":4,"featured_media":1070,"comment_status":"closed","ping_status":"closed","sticky":false,"template":"","format":"standard","meta":{"ngg_post_thumbnail":0},"categories":[4],"tags":[],"_links":{"self":[{"href":"https:\/\/fundacja.radiopodlasie.pl\/index.php?rest_route=\/wp\/v2\/posts\/1069"}],"collection":[{"href":"https:\/\/fundacja.radiopodlasie.pl\/index.php?rest_route=\/wp\/v2\/posts"}],"about":[{"href":"https:\/\/fundacja.radiopodlasie.pl\/index.php?rest_route=\/wp\/v2\/types\/post"}],"author":[{"embeddable":true,"href":"https:\/\/fundacja.radiopodlasie.pl\/index.php?rest_route=\/wp\/v2\/users\/4"}],"replies":[{"embeddable":true,"href":"https:\/\/fundacja.radiopodlasie.pl\/index.php?rest_route=%2Fwp%2Fv2%2Fcomments&post=1069"}],"version-history":[{"count":1,"href":"https:\/\/fundacja.radiopodlasie.pl\/index.php?rest_route=\/wp\/v2\/posts\/1069\/revisions"}],"predecessor-version":[{"id":1073,"href":"https:\/\/fundacja.radiopodlasie.pl\/index.php?rest_route=\/wp\/v2\/posts\/1069\/revisions\/1073"}],"wp:featuredmedia":[{"embeddable":true,"href":"https:\/\/fundacja.radiopodlasie.pl\/index.php?rest_route=\/wp\/v2\/media\/1070"}],"wp:attachment":[{"href":"https:\/\/fundacja.radiopodlasie.pl\/index.php?rest_route=%2Fwp%2Fv2%2Fmedia&parent=1069"}],"wp:term":[{"taxonomy":"category","embeddable":true,"href":"https:\/\/fundacja.radiopodlasie.pl\/index.php?rest_route=%2Fwp%2Fv2%2Fcategories&post=1069"},{"taxonomy":"post_tag","embeddable":true,"href":"https:\/\/fundacja.radiopodlasie.pl\/index.php?rest_route=%2Fwp%2Fv2%2Ftags&post=1069"}],"curies":[{"name":"wp","href":"https:\/\/api.w.org\/{rel}","templated":true}]}}