{"id":1078,"date":"2018-11-15T15:23:43","date_gmt":"2018-11-15T14:23:43","guid":{"rendered":"http:\/\/fundacja.radiopodlasie.pl\/?p=1078"},"modified":"2019-01-14T14:48:47","modified_gmt":"2019-01-14T13:48:47","slug":"unikajmy-zlych-drog","status":"publish","type":"post","link":"https:\/\/fundacja.radiopodlasie.pl\/?p=1078","title":{"rendered":"UNIKAJMY Z\u0141YCH DR\u00d3G"},"content":{"rendered":"<p><a href=\"http:\/\/fundacja.radiopodlasie.pl\/wp-content\/uploads\/2018\/11\/78165_KRP-KALENDARZ-2019-1.jpg\"><img decoding=\"async\" loading=\"lazy\" class=\"alignnone size-medium wp-image-1085\" src=\"http:\/\/fundacja.radiopodlasie.pl\/wp-content\/uploads\/2018\/11\/78165_KRP-KALENDARZ-2019-1-217x300.jpg\" alt=\"\" width=\"217\" height=\"300\" srcset=\"https:\/\/fundacja.radiopodlasie.pl\/wp-content\/uploads\/2018\/11\/78165_KRP-KALENDARZ-2019-1-217x300.jpg 217w, https:\/\/fundacja.radiopodlasie.pl\/wp-content\/uploads\/2018\/11\/78165_KRP-KALENDARZ-2019-1-768x1062.jpg 768w, https:\/\/fundacja.radiopodlasie.pl\/wp-content\/uploads\/2018\/11\/78165_KRP-KALENDARZ-2019-1-741x1024.jpg 741w\" sizes=\"(max-width: 217px) 100vw, 217px\" \/><\/a><a href=\"http:\/\/fundacja.radiopodlasie.pl\/wp-content\/uploads\/2018\/11\/Unikajmy-z\u0142ych-dr\u00f3g_plakat-5.jpg\"><img decoding=\"async\" loading=\"lazy\" class=\"alignnone size-medium wp-image-1107\" src=\"http:\/\/fundacja.radiopodlasie.pl\/wp-content\/uploads\/2018\/11\/Unikajmy-z\u0142ych-dr\u00f3g_plakat-5-300x213.jpg\" alt=\"\" width=\"300\" height=\"213\" srcset=\"https:\/\/fundacja.radiopodlasie.pl\/wp-content\/uploads\/2018\/11\/Unikajmy-z\u0142ych-dr\u00f3g_plakat-5-300x213.jpg 300w, https:\/\/fundacja.radiopodlasie.pl\/wp-content\/uploads\/2018\/11\/Unikajmy-z\u0142ych-dr\u00f3g_plakat-5-768x545.jpg 768w, https:\/\/fundacja.radiopodlasie.pl\/wp-content\/uploads\/2018\/11\/Unikajmy-z\u0142ych-dr\u00f3g_plakat-5.jpg 800w\" sizes=\"(max-width: 300px) 100vw, 300px\" \/><\/a><a href=\"http:\/\/fundacja.radiopodlasie.pl\/wp-content\/uploads\/2018\/11\/IMG_4102.jpg\"><img decoding=\"async\" loading=\"lazy\" class=\"alignnone size-medium wp-image-1106\" src=\"http:\/\/fundacja.radiopodlasie.pl\/wp-content\/uploads\/2018\/11\/IMG_4102-300x227.jpg\" alt=\"\" width=\"300\" height=\"227\" srcset=\"https:\/\/fundacja.radiopodlasie.pl\/wp-content\/uploads\/2018\/11\/IMG_4102-300x227.jpg 300w, https:\/\/fundacja.radiopodlasie.pl\/wp-content\/uploads\/2018\/11\/IMG_4102-768x582.jpg 768w, https:\/\/fundacja.radiopodlasie.pl\/wp-content\/uploads\/2018\/11\/IMG_4102.jpg 800w\" sizes=\"(max-width: 300px) 100vw, 300px\" \/><\/a><a href=\"http:\/\/fundacja.radiopodlasie.pl\/wp-content\/uploads\/2018\/11\/leaflet1-Kopia.jpg\"><img decoding=\"async\" loading=\"lazy\" class=\"alignnone size-medium wp-image-1108\" src=\"http:\/\/fundacja.radiopodlasie.pl\/wp-content\/uploads\/2018\/11\/leaflet1-Kopia-215x300.jpg\" alt=\"\" width=\"215\" height=\"300\" srcset=\"https:\/\/fundacja.radiopodlasie.pl\/wp-content\/uploads\/2018\/11\/leaflet1-Kopia-215x300.jpg 215w, https:\/\/fundacja.radiopodlasie.pl\/wp-content\/uploads\/2018\/11\/leaflet1-Kopia-768x1069.jpg 768w, https:\/\/fundacja.radiopodlasie.pl\/wp-content\/uploads\/2018\/11\/leaflet1-Kopia-735x1024.jpg 735w, https:\/\/fundacja.radiopodlasie.pl\/wp-content\/uploads\/2018\/11\/leaflet1-Kopia.jpg 800w\" sizes=\"(max-width: 215px) 100vw, 215px\" \/><\/a><\/p>\n<p>W ramach ca\u0142ego projektu Katolickie Radio Podlasie nadaje wieczorne audycje od 5. listopada w poniedzia\u0142ki o godzinie 21:40 oraz we wtorki i czwartki o godzinie 18:15, a\u017c do 20. grudnia 2018 r. Od 16 listopada rozpoczynaj\u0105 si\u0119 szkoleniowe spotkania organizowane przez Fundacj\u0119 Podlaskie Centrum Radiowe w siedmiu miejscowo\u015bciach naszego regionu. Stanowi\u0105 jedno z kilku zada\u0144 projektu &#8222;Unikajmy z\u0142ych dr\u00f3g&#8221;, kt\u00f3ry ma na celu przybli\u017cenie informacji o zapobieganiu przyczynom przest\u0119pczo\u015bci.<\/p>\n<p>Powstaje broszura informacyjna &#8222;B\u0105d\u017a kowalem swego losu&#8221; ze \u015bwiadectwami wychodzenia z rozmaitych sytuacji \u017cyciowych: uzale\u017cnie\u0144 i zachowa\u0144 przest\u0119pczych, kr\u00f3tk\u0105 cz\u0119\u015bci\u0105 poradnikow\u0105 a tak\u017ce list\u0105 adresow\u0105 instytucji i stowarzysze\u0144 zajmuj\u0105cych si\u0119 wspieraniem os\u00f3b pragn\u0105cych zmieni\u0107 swoje \u017cycie.<\/p>\n<p>Powstaje kalendarz na 2019 rok &#8222;Unikajmy z\u0142ych dr\u00f3g&#8221; w powi\u0105zaniu ze 100-leciem S\u0142u\u017cby Wi\u0119ziennej.<\/p>\n<p>Jednorazowe, trzygodzinne spotkania z do\u015bwiadczonymi praktykami, psychologami s\u0105 adresowane do doros\u0142ych, ale nie tylko. Organizatorzy zapraszaj\u0105 Kluby Seniora, Uniwersytety Trzeciego Wieku, rodzic\u00f3w, wychowawc\u00f3w, pracownik\u00f3w socjalnych i wszystkich zainteresowanych tematem. Przewidziano materia\u0142y informacyjne dla wszystkich uczestnik\u00f3w.Wst\u0119p wolny.<\/p>\n<p>Harmonogram spotka\u0144:<\/p>\n<p>Parczew, 16. listopada, w godzinach 15:00 &#8211; 18:00 w Hotelu Howorus<\/p>\n<p>\u2013 prelegenci: Edyta Starostka, psycholog i Artur \u0141opacki, policjant<\/p>\n<p><a href=\"http:\/\/fundacja.radiopodlasie.pl\/wp-content\/uploads\/2018\/11\/IMG_4072.jpg\"><img decoding=\"async\" loading=\"lazy\" class=\"alignnone size-medium wp-image-1093\" src=\"http:\/\/fundacja.radiopodlasie.pl\/wp-content\/uploads\/2018\/11\/IMG_4072-300x225.jpg\" alt=\"\" width=\"300\" height=\"225\" srcset=\"https:\/\/fundacja.radiopodlasie.pl\/wp-content\/uploads\/2018\/11\/IMG_4072-300x225.jpg 300w, https:\/\/fundacja.radiopodlasie.pl\/wp-content\/uploads\/2018\/11\/IMG_4072-768x576.jpg 768w, https:\/\/fundacja.radiopodlasie.pl\/wp-content\/uploads\/2018\/11\/IMG_4072-1024x768.jpg 1024w\" sizes=\"(max-width: 300px) 100vw, 300px\" \/><\/a><a href=\"http:\/\/fundacja.radiopodlasie.pl\/wp-content\/uploads\/2018\/11\/IMG_4070-Kopia.jpg\"><img decoding=\"async\" loading=\"lazy\" class=\"alignnone size-medium wp-image-1092\" src=\"http:\/\/fundacja.radiopodlasie.pl\/wp-content\/uploads\/2018\/11\/IMG_4070-Kopia-300x225.jpg\" alt=\"\" width=\"300\" height=\"225\" srcset=\"https:\/\/fundacja.radiopodlasie.pl\/wp-content\/uploads\/2018\/11\/IMG_4070-Kopia-300x225.jpg 300w, https:\/\/fundacja.radiopodlasie.pl\/wp-content\/uploads\/2018\/11\/IMG_4070-Kopia-768x576.jpg 768w, https:\/\/fundacja.radiopodlasie.pl\/wp-content\/uploads\/2018\/11\/IMG_4070-Kopia-1024x768.jpg 1024w\" sizes=\"(max-width: 300px) 100vw, 300px\" \/><\/a><\/p>\n<p>Mi\u0119dzyrzec Podlaski, 28. listopada, w godzinach 12:00 \u2013 15:00 w Domu Kultury<\/p>\n<p>\u2013 prelegenci: Edyta Starostka, psycholog i ks. Mateusz Czubak, kapelan wi\u0119zienny<\/p>\n<p><a href=\"http:\/\/fundacja.radiopodlasie.pl\/wp-content\/uploads\/2018\/11\/P1150411.jpg\"><img decoding=\"async\" loading=\"lazy\" class=\"alignnone size-medium wp-image-1096\" src=\"http:\/\/fundacja.radiopodlasie.pl\/wp-content\/uploads\/2018\/11\/P1150411-300x225.jpg\" alt=\"\" width=\"300\" height=\"225\" srcset=\"https:\/\/fundacja.radiopodlasie.pl\/wp-content\/uploads\/2018\/11\/P1150411-300x225.jpg 300w, https:\/\/fundacja.radiopodlasie.pl\/wp-content\/uploads\/2018\/11\/P1150411-768x576.jpg 768w, https:\/\/fundacja.radiopodlasie.pl\/wp-content\/uploads\/2018\/11\/P1150411.jpg 800w\" sizes=\"(max-width: 300px) 100vw, 300px\" \/><\/a><a href=\"http:\/\/fundacja.radiopodlasie.pl\/wp-content\/uploads\/2018\/11\/P1150406.jpg\"><img decoding=\"async\" loading=\"lazy\" class=\"alignnone size-medium wp-image-1097\" src=\"http:\/\/fundacja.radiopodlasie.pl\/wp-content\/uploads\/2018\/11\/P1150406-300x225.jpg\" alt=\"\" width=\"300\" height=\"225\" srcset=\"https:\/\/fundacja.radiopodlasie.pl\/wp-content\/uploads\/2018\/11\/P1150406-300x225.jpg 300w, https:\/\/fundacja.radiopodlasie.pl\/wp-content\/uploads\/2018\/11\/P1150406-768x576.jpg 768w, https:\/\/fundacja.radiopodlasie.pl\/wp-content\/uploads\/2018\/11\/P1150406.jpg 800w\" sizes=\"(max-width: 300px) 100vw, 300px\" \/><\/a><\/p>\n<p>&nbsp;<\/p>\n<p>\u0141uk\u00f3w, 30. listopada, w godzinach 12:30 \u2013 15:30 w \u0141ukowskim O\u015brodku Kultury<\/p>\n<p>&#8211; prelegenci: Edyta Starostka, starszy\u00a0 psycholog w ZK w Siedlcach i Anna Laszuk-Laskowska, psycholog<\/p>\n<p><a href=\"http:\/\/fundacja.radiopodlasie.pl\/wp-content\/uploads\/2018\/11\/IMG_4089.jpg\"><img decoding=\"async\" loading=\"lazy\" class=\"alignnone size-medium wp-image-1103\" src=\"http:\/\/fundacja.radiopodlasie.pl\/wp-content\/uploads\/2018\/11\/P1160009-300x225.jpg\" alt=\"\" width=\"300\" height=\"225\" srcset=\"https:\/\/fundacja.radiopodlasie.pl\/wp-content\/uploads\/2018\/11\/P1160009-300x225.jpg 300w, https:\/\/fundacja.radiopodlasie.pl\/wp-content\/uploads\/2018\/11\/P1160009-768x576.jpg 768w, https:\/\/fundacja.radiopodlasie.pl\/wp-content\/uploads\/2018\/11\/P1160009.jpg 800w\" sizes=\"(max-width: 300px) 100vw, 300px\" \/><\/a><a href=\"http:\/\/fundacja.radiopodlasie.pl\/wp-content\/uploads\/2018\/11\/P1160010.jpg\"><img decoding=\"async\" loading=\"lazy\" class=\"alignnone size-medium wp-image-1104\" src=\"http:\/\/fundacja.radiopodlasie.pl\/wp-content\/uploads\/2018\/11\/P1160010-300x225.jpg\" alt=\"\" width=\"300\" height=\"225\" srcset=\"https:\/\/fundacja.radiopodlasie.pl\/wp-content\/uploads\/2018\/11\/P1160010-300x225.jpg 300w, https:\/\/fundacja.radiopodlasie.pl\/wp-content\/uploads\/2018\/11\/P1160010-768x576.jpg 768w, https:\/\/fundacja.radiopodlasie.pl\/wp-content\/uploads\/2018\/11\/P1160010.jpg 800w\" sizes=\"(max-width: 300px) 100vw, 300px\" \/><\/a><a href=\"http:\/\/fundacja.radiopodlasie.pl\/wp-content\/uploads\/2018\/11\/P1160018.jpg\"><img decoding=\"async\" loading=\"lazy\" class=\"alignnone size-medium wp-image-1099\" src=\"http:\/\/fundacja.radiopodlasie.pl\/wp-content\/uploads\/2018\/11\/P1160018-300x225.jpg\" alt=\"\" width=\"300\" height=\"225\" srcset=\"https:\/\/fundacja.radiopodlasie.pl\/wp-content\/uploads\/2018\/11\/P1160018-300x225.jpg 300w, https:\/\/fundacja.radiopodlasie.pl\/wp-content\/uploads\/2018\/11\/P1160018-768x576.jpg 768w, https:\/\/fundacja.radiopodlasie.pl\/wp-content\/uploads\/2018\/11\/P1160018.jpg 800w\" sizes=\"(max-width: 300px) 100vw, 300px\" \/><\/a><a href=\"http:\/\/fundacja.radiopodlasie.pl\/wp-content\/uploads\/2018\/11\/P1160007.jpg\"><img decoding=\"async\" loading=\"lazy\" class=\"alignnone size-medium wp-image-1102\" src=\"http:\/\/fundacja.radiopodlasie.pl\/wp-content\/uploads\/2018\/11\/P1160007-300x225.jpg\" alt=\"\" width=\"300\" height=\"225\" srcset=\"https:\/\/fundacja.radiopodlasie.pl\/wp-content\/uploads\/2018\/11\/P1160007-300x225.jpg 300w, https:\/\/fundacja.radiopodlasie.pl\/wp-content\/uploads\/2018\/11\/P1160007-768x576.jpg 768w, https:\/\/fundacja.radiopodlasie.pl\/wp-content\/uploads\/2018\/11\/P1160007.jpg 800w\" sizes=\"(max-width: 300px) 100vw, 300px\" \/><\/a><a href=\"http:\/\/fundacja.radiopodlasie.pl\/wp-content\/uploads\/2018\/11\/P1160005.jpg\"><img decoding=\"async\" loading=\"lazy\" class=\"alignnone size-medium wp-image-1100\" src=\"http:\/\/fundacja.radiopodlasie.pl\/wp-content\/uploads\/2018\/11\/P1160005-300x225.jpg\" alt=\"\" width=\"300\" height=\"225\" srcset=\"https:\/\/fundacja.radiopodlasie.pl\/wp-content\/uploads\/2018\/11\/P1160005-300x225.jpg 300w, https:\/\/fundacja.radiopodlasie.pl\/wp-content\/uploads\/2018\/11\/P1160005-768x576.jpg 768w, https:\/\/fundacja.radiopodlasie.pl\/wp-content\/uploads\/2018\/11\/P1160005.jpg 800w\" sizes=\"(max-width: 300px) 100vw, 300px\" \/><\/a><a href=\"http:\/\/fundacja.radiopodlasie.pl\/wp-content\/uploads\/2018\/11\/P1160006.jpg\"><img decoding=\"async\" loading=\"lazy\" class=\"alignnone size-medium wp-image-1101\" src=\"http:\/\/fundacja.radiopodlasie.pl\/wp-content\/uploads\/2018\/11\/P1160006-300x225.jpg\" alt=\"\" width=\"300\" height=\"225\" srcset=\"https:\/\/fundacja.radiopodlasie.pl\/wp-content\/uploads\/2018\/11\/P1160006-300x225.jpg 300w, https:\/\/fundacja.radiopodlasie.pl\/wp-content\/uploads\/2018\/11\/P1160006-768x576.jpg 768w, https:\/\/fundacja.radiopodlasie.pl\/wp-content\/uploads\/2018\/11\/P1160006.jpg 800w\" sizes=\"(max-width: 300px) 100vw, 300px\" \/><\/a><\/p>\n<p>Siedlce, 24. listopada, w godzinach 11:00 &#8211; 14:00 w sali Caritas przy Katedrze<\/p>\n<ul>\n<li style=\"list-style-type: none;\">\n<ul>\n<li>prelegenci: Edyta Starostka, psycholog i Anna Laszuk-Laskowska, psycholog<\/li>\n<\/ul>\n<\/li>\n<\/ul>\n<p><a href=\"http:\/\/fundacja.radiopodlasie.pl\/wp-content\/uploads\/2018\/11\/IMG_4089.jpg\"><img decoding=\"async\" loading=\"lazy\" class=\"alignnone size-medium wp-image-1094\" src=\"http:\/\/fundacja.radiopodlasie.pl\/wp-content\/uploads\/2018\/11\/IMG_4089-300x225.jpg\" alt=\"\" width=\"300\" height=\"225\" srcset=\"https:\/\/fundacja.radiopodlasie.pl\/wp-content\/uploads\/2018\/11\/IMG_4089-300x225.jpg 300w, https:\/\/fundacja.radiopodlasie.pl\/wp-content\/uploads\/2018\/11\/IMG_4089-768x576.jpg 768w, https:\/\/fundacja.radiopodlasie.pl\/wp-content\/uploads\/2018\/11\/IMG_4089.jpg 800w\" sizes=\"(max-width: 300px) 100vw, 300px\" \/><\/a><a href=\"http:\/\/fundacja.radiopodlasie.pl\/wp-content\/uploads\/2018\/11\/IMG_4092.jpg\"><img decoding=\"async\" loading=\"lazy\" class=\"alignnone size-medium wp-image-1095\" src=\"http:\/\/fundacja.radiopodlasie.pl\/wp-content\/uploads\/2018\/11\/IMG_4092-300x225.jpg\" alt=\"\" width=\"300\" height=\"225\" srcset=\"https:\/\/fundacja.radiopodlasie.pl\/wp-content\/uploads\/2018\/11\/IMG_4092-300x225.jpg 300w, https:\/\/fundacja.radiopodlasie.pl\/wp-content\/uploads\/2018\/11\/IMG_4092-768x576.jpg 768w, https:\/\/fundacja.radiopodlasie.pl\/wp-content\/uploads\/2018\/11\/IMG_4092.jpg 800w\" sizes=\"(max-width: 300px) 100vw, 300px\" \/><\/a><\/p>\n<p>W\u0119gr\u00f3w, 7. grudnia, w godzinach 14:00 -17:00 w W\u0119growskim O\u015brodku Kultury<\/p>\n<p>prelegenci: psycholog uzale\u017cnie\u0144, Monika Wi\u0119sak i Edyta Starostka, starszy psycholog w Zak\u0142adzie Karnym w Siedlcach<\/p>\n<p><a href=\"http:\/\/fundacja.radiopodlasie.pl\/wp-content\/uploads\/2018\/11\/P1160023.jpg\"><img decoding=\"async\" loading=\"lazy\" class=\"alignnone size-medium wp-image-1110\" src=\"http:\/\/fundacja.radiopodlasie.pl\/wp-content\/uploads\/2018\/11\/P1160023-300x225.jpg\" alt=\"\" width=\"300\" height=\"225\" srcset=\"https:\/\/fundacja.radiopodlasie.pl\/wp-content\/uploads\/2018\/11\/P1160023-300x225.jpg 300w, https:\/\/fundacja.radiopodlasie.pl\/wp-content\/uploads\/2018\/11\/P1160023-768x576.jpg 768w, https:\/\/fundacja.radiopodlasie.pl\/wp-content\/uploads\/2018\/11\/P1160023.jpg 800w\" sizes=\"(max-width: 300px) 100vw, 300px\" \/><\/a> <a href=\"http:\/\/fundacja.radiopodlasie.pl\/wp-content\/uploads\/2018\/11\/P1160028.jpg\"><img decoding=\"async\" loading=\"lazy\" class=\"alignnone size-medium wp-image-1111\" src=\"http:\/\/fundacja.radiopodlasie.pl\/wp-content\/uploads\/2018\/11\/P1160028-300x225.jpg\" alt=\"\" width=\"300\" height=\"225\" srcset=\"https:\/\/fundacja.radiopodlasie.pl\/wp-content\/uploads\/2018\/11\/P1160028-300x225.jpg 300w, https:\/\/fundacja.radiopodlasie.pl\/wp-content\/uploads\/2018\/11\/P1160028.jpg 640w\" sizes=\"(max-width: 300px) 100vw, 300px\" \/><\/a> <a href=\"http:\/\/fundacja.radiopodlasie.pl\/wp-content\/uploads\/2018\/11\/P1160021.jpg\"><img decoding=\"async\" loading=\"lazy\" class=\"alignnone size-medium wp-image-1112\" src=\"http:\/\/fundacja.radiopodlasie.pl\/wp-content\/uploads\/2018\/11\/P1160021-300x225.jpg\" alt=\"\" width=\"300\" height=\"225\" srcset=\"https:\/\/fundacja.radiopodlasie.pl\/wp-content\/uploads\/2018\/11\/P1160021-300x225.jpg 300w, https:\/\/fundacja.radiopodlasie.pl\/wp-content\/uploads\/2018\/11\/P1160021-768x576.jpg 768w, https:\/\/fundacja.radiopodlasie.pl\/wp-content\/uploads\/2018\/11\/P1160021-1024x768.jpg 1024w\" sizes=\"(max-width: 300px) 100vw, 300px\" \/><\/a> <a href=\"http:\/\/fundacja.radiopodlasie.pl\/wp-content\/uploads\/2018\/11\/P1160027.jpg\"><img decoding=\"async\" loading=\"lazy\" class=\"alignnone size-medium wp-image-1113\" src=\"http:\/\/fundacja.radiopodlasie.pl\/wp-content\/uploads\/2018\/11\/P1160027-300x225.jpg\" alt=\"\" width=\"300\" height=\"225\" srcset=\"https:\/\/fundacja.radiopodlasie.pl\/wp-content\/uploads\/2018\/11\/P1160027-300x225.jpg 300w, https:\/\/fundacja.radiopodlasie.pl\/wp-content\/uploads\/2018\/11\/P1160027.jpg 640w\" sizes=\"(max-width: 300px) 100vw, 300px\" \/><\/a><\/p>\n<p>Bia\u0142a Podlaska, 8 grudnia, w godzinach 11:00 \u2013 14:00 w Hotelu Delfin<\/p>\n<ul>\n<li style=\"list-style-type: none;\">\n<ul>\n<li>prelegenci: Edyta Starostka,starszy psycholog w ZK w Siedlcach i Jakub Ja\u0144czuk psycholog w ZK w Bia\u0142ej Podlaskiej<\/li>\n<\/ul>\n<\/li>\n<\/ul>\n<p><a href=\"http:\/\/fundacja.radiopodlasie.pl\/wp-content\/uploads\/2018\/11\/P1160037.jpg\"><img decoding=\"async\" loading=\"lazy\" class=\"alignnone size-medium wp-image-1114\" src=\"http:\/\/fundacja.radiopodlasie.pl\/wp-content\/uploads\/2018\/11\/P1160037-300x225.jpg\" alt=\"\" width=\"300\" height=\"225\" srcset=\"https:\/\/fundacja.radiopodlasie.pl\/wp-content\/uploads\/2018\/11\/P1160037-300x225.jpg 300w, https:\/\/fundacja.radiopodlasie.pl\/wp-content\/uploads\/2018\/11\/P1160037.jpg 640w\" sizes=\"(max-width: 300px) 100vw, 300px\" \/><\/a> <a href=\"http:\/\/fundacja.radiopodlasie.pl\/wp-content\/uploads\/2018\/11\/P1160039.jpg\"><img decoding=\"async\" loading=\"lazy\" class=\"alignnone size-medium wp-image-1115\" src=\"http:\/\/fundacja.radiopodlasie.pl\/wp-content\/uploads\/2018\/11\/P1160039-300x225.jpg\" alt=\"\" width=\"300\" height=\"225\" srcset=\"https:\/\/fundacja.radiopodlasie.pl\/wp-content\/uploads\/2018\/11\/P1160039-300x225.jpg 300w, https:\/\/fundacja.radiopodlasie.pl\/wp-content\/uploads\/2018\/11\/P1160039.jpg 640w\" sizes=\"(max-width: 300px) 100vw, 300px\" \/><\/a> <a href=\"http:\/\/fundacja.radiopodlasie.pl\/wp-content\/uploads\/2018\/11\/P1160040.jpg\"><img decoding=\"async\" loading=\"lazy\" class=\"alignnone size-medium wp-image-1116\" src=\"http:\/\/fundacja.radiopodlasie.pl\/wp-content\/uploads\/2018\/11\/P1160040-300x225.jpg\" alt=\"\" width=\"300\" height=\"225\" srcset=\"https:\/\/fundacja.radiopodlasie.pl\/wp-content\/uploads\/2018\/11\/P1160040-300x225.jpg 300w, https:\/\/fundacja.radiopodlasie.pl\/wp-content\/uploads\/2018\/11\/P1160040.jpg 640w\" sizes=\"(max-width: 300px) 100vw, 300px\" \/><\/a><\/p>\n<p>Terespol, 15. grudnia, w godzinach 11:00 \u2013 14:00 w sali Biblioteki Miejskiej<\/p>\n<ul>\n<li style=\"list-style-type: none;\">\n<ul>\n<li>prelegenci: Edyta Starostka,starszy psycholog w ZK w Siedlcach i Jakub Ja\u0144czuk psycholog w ZK w Bia\u0142ej Podlaskiej<\/li>\n<\/ul>\n<\/li>\n<\/ul>\n<p>Wsp\u00f3\u0142finansowano ze \u015brodk\u00f3w Funduszu Sprawiedliwo\u015bci, kt\u00f3rego dysponentem jest Minister Sprawiedliwo\u015bci<\/p>\n<p><a href=\"http:\/\/fundacja.radiopodlasie.pl\/wp-content\/uploads\/2018\/11\/logo_FS_kolor_orientacja_pozioma.jpg\"><img decoding=\"async\" loading=\"lazy\" class=\"alignnone size-medium wp-image-1105\" src=\"http:\/\/fundacja.radiopodlasie.pl\/wp-content\/uploads\/2018\/11\/logo_FS_kolor_orientacja_pozioma-300x300.jpg\" alt=\"\" width=\"300\" height=\"300\" srcset=\"https:\/\/fundacja.radiopodlasie.pl\/wp-content\/uploads\/2018\/11\/logo_FS_kolor_orientacja_pozioma-300x300.jpg 300w, https:\/\/fundacja.radiopodlasie.pl\/wp-content\/uploads\/2018\/11\/logo_FS_kolor_orientacja_pozioma-150x150.jpg 150w, https:\/\/fundacja.radiopodlasie.pl\/wp-content\/uploads\/2018\/11\/logo_FS_kolor_orientacja_pozioma-768x768.jpg 768w, https:\/\/fundacja.radiopodlasie.pl\/wp-content\/uploads\/2018\/11\/logo_FS_kolor_orientacja_pozioma-1024x1024.jpg 1024w, https:\/\/fundacja.radiopodlasie.pl\/wp-content\/uploads\/2018\/11\/logo_FS_kolor_orientacja_pozioma-50x50.jpg 50w\" sizes=\"(max-width: 300px) 100vw, 300px\" \/><\/a><\/p>\n","protected":false},"excerpt":{"rendered":"<p>W ramach ca\u0142ego projektu Katolickie Radio Podlasie nadaje wieczorne audycje od 5. listopada w poniedzia\u0142ki o godzinie 21:40 oraz we wtorki i czwartki o godzinie 18:15, a\u017c do 20. grudnia 2018 r. Od 16 listopada rozpoczynaj\u0105 si\u0119 szkoleniowe spotkania organizowane przez Fundacj\u0119 Podlaskie Centrum Radiowe w siedmiu miejscowo\u015bciach naszego regionu. Stanowi\u0105 jedno z kilku zada\u0144 [&hellip;]<\/p>\n","protected":false},"author":4,"featured_media":1121,"comment_status":"closed","ping_status":"closed","sticky":false,"template":"","format":"standard","meta":{"ngg_post_thumbnail":0},"categories":[4],"tags":[],"_links":{"self":[{"href":"https:\/\/fundacja.radiopodlasie.pl\/index.php?rest_route=\/wp\/v2\/posts\/1078"}],"collection":[{"href":"https:\/\/fundacja.radiopodlasie.pl\/index.php?rest_route=\/wp\/v2\/posts"}],"about":[{"href":"https:\/\/fundacja.radiopodlasie.pl\/index.php?rest_route=\/wp\/v2\/types\/post"}],"author":[{"embeddable":true,"href":"https:\/\/fundacja.radiopodlasie.pl\/index.php?rest_route=\/wp\/v2\/users\/4"}],"replies":[{"embeddable":true,"href":"https:\/\/fundacja.radiopodlasie.pl\/index.php?rest_route=%2Fwp%2Fv2%2Fcomments&post=1078"}],"version-history":[{"count":8,"href":"https:\/\/fundacja.radiopodlasie.pl\/index.php?rest_route=\/wp\/v2\/posts\/1078\/revisions"}],"predecessor-version":[{"id":1137,"href":"https:\/\/fundacja.radiopodlasie.pl\/index.php?rest_route=\/wp\/v2\/posts\/1078\/revisions\/1137"}],"wp:featuredmedia":[{"embeddable":true,"href":"https:\/\/fundacja.radiopodlasie.pl\/index.php?rest_route=\/wp\/v2\/media\/1121"}],"wp:attachment":[{"href":"https:\/\/fundacja.radiopodlasie.pl\/index.php?rest_route=%2Fwp%2Fv2%2Fmedia&parent=1078"}],"wp:term":[{"taxonomy":"category","embeddable":true,"href":"https:\/\/fundacja.radiopodlasie.pl\/index.php?rest_route=%2Fwp%2Fv2%2Fcategories&post=1078"},{"taxonomy":"post_tag","embeddable":true,"href":"https:\/\/fundacja.radiopodlasie.pl\/index.php?rest_route=%2Fwp%2Fv2%2Ftags&post=1078"}],"curies":[{"name":"wp","href":"https:\/\/api.w.org\/{rel}","templated":true}]}}