{"id":111,"date":"2012-02-07T22:52:55","date_gmt":"2012-02-07T21:52:55","guid":{"rendered":"http:\/\/fundacja.radiopodlasie.pl\/?p=111"},"modified":"2013-11-22T13:00:33","modified_gmt":"2013-11-22T12:00:33","slug":"narkotyki-zabijaja-wczesniej-lub-pozniej-panel-dyskusyjny","status":"publish","type":"post","link":"https:\/\/fundacja.radiopodlasie.pl\/?p=111","title":{"rendered":"Narkotyki zabijaj\u0105 wcze\u015bniej lub p\u00f3\u017aniej &#8211; panel dyskusyjny"},"content":{"rendered":"<p>7 lutego 2012 roku w Siedlcach Fundacja wsp\u00f3\u0142organizowa\u0142a panel dyskusyjny dotycz\u0105cy problemu narkomanii w \u015brodowisku szkolnym.<\/p>\n<p>W roli panelist\u00f3w wyst\u0105pili m.in.: doktor Jerzy Kami\u0144ski &#8211; dyrektor O\u015brodka Leczenia Uzale\u017cnie\u0144 w \u0141ukowie oraz prof. Mariusz J\u0119drzejko z Mazowieckiego Centrum Profilaktyki Uzale\u017cnie\u0144.<\/p>\n<p>Dzia\u0142anie zrealizowane wsp\u00f3lnie z O\u015brodkiem Leczenia Uzale\u017cnie\u0144 w \u0141ukowie i Mazowieckim. Centrum Profilaktyki Uzale\u017cnie\u0144.<\/p>\n<p><strong>Zobacz:<\/strong><\/p>\n<p><a href=\"http:\/\/podlasie24.pl\/wiadomosci\/diec.-siedlecka\/panel-dyskusyjny-o-narkotykach-92eb.html\">Panel dyskusyjny o narkotykach<\/a><\/p>\n<p><a href=\"http:\/\/www.podlasie24.pl\/wiadomosci\/diec.-siedlecka\/debata-poswiecona-problemowi-narkotykow-92e7.html?pageId=95\">Debata po\u015bwi\u0119cona problemowi narkotyk\u00f3w<\/a><\/p>\n<p><a href=\"http:\/\/archiwum.radiopodlasie.pl\/?p=14392\">Pos\u0142uchaj audycji<\/a><\/p>\n<p>&nbsp;<\/p>\n<p>&nbsp;<\/p>\n","protected":false},"excerpt":{"rendered":"<p>7 lutego 2012 roku w Siedlcach Fundacja wsp\u00f3\u0142organizowa\u0142a panel dyskusyjny dotycz\u0105cy problemu narkomanii w \u015brodowisku szkolnym. W roli panelist\u00f3w wyst\u0105pili m.in.: doktor Jerzy Kami\u0144ski &#8211; dyrektor O\u015brodka Leczenia Uzale\u017cnie\u0144 w \u0141ukowie oraz prof. Mariusz J\u0119drzejko z Mazowieckiego Centrum Profilaktyki Uzale\u017cnie\u0144. Dzia\u0142anie zrealizowane wsp\u00f3lnie z O\u015brodkiem Leczenia Uzale\u017cnie\u0144 w \u0141ukowie i Mazowieckim. Centrum Profilaktyki Uzale\u017cnie\u0144. Zobacz: [&hellip;]<\/p>\n","protected":false},"author":1,"featured_media":114,"comment_status":"closed","ping_status":"open","sticky":false,"template":"","format":"standard","meta":{"ngg_post_thumbnail":0},"categories":[1],"tags":[],"_links":{"self":[{"href":"https:\/\/fundacja.radiopodlasie.pl\/index.php?rest_route=\/wp\/v2\/posts\/111"}],"collection":[{"href":"https:\/\/fundacja.radiopodlasie.pl\/index.php?rest_route=\/wp\/v2\/posts"}],"about":[{"href":"https:\/\/fundacja.radiopodlasie.pl\/index.php?rest_route=\/wp\/v2\/types\/post"}],"author":[{"embeddable":true,"href":"https:\/\/fundacja.radiopodlasie.pl\/index.php?rest_route=\/wp\/v2\/users\/1"}],"replies":[{"embeddable":true,"href":"https:\/\/fundacja.radiopodlasie.pl\/index.php?rest_route=%2Fwp%2Fv2%2Fcomments&post=111"}],"version-history":[{"count":3,"href":"https:\/\/fundacja.radiopodlasie.pl\/index.php?rest_route=\/wp\/v2\/posts\/111\/revisions"}],"predecessor-version":[{"id":113,"href":"https:\/\/fundacja.radiopodlasie.pl\/index.php?rest_route=\/wp\/v2\/posts\/111\/revisions\/113"}],"wp:featuredmedia":[{"embeddable":true,"href":"https:\/\/fundacja.radiopodlasie.pl\/index.php?rest_route=\/wp\/v2\/media\/114"}],"wp:attachment":[{"href":"https:\/\/fundacja.radiopodlasie.pl\/index.php?rest_route=%2Fwp%2Fv2%2Fmedia&parent=111"}],"wp:term":[{"taxonomy":"category","embeddable":true,"href":"https:\/\/fundacja.radiopodlasie.pl\/index.php?rest_route=%2Fwp%2Fv2%2Fcategories&post=111"},{"taxonomy":"post_tag","embeddable":true,"href":"https:\/\/fundacja.radiopodlasie.pl\/index.php?rest_route=%2Fwp%2Fv2%2Ftags&post=111"}],"curies":[{"name":"wp","href":"https:\/\/api.w.org\/{rel}","templated":true}]}}