{"id":1126,"date":"2019-01-14T14:32:28","date_gmt":"2019-01-14T13:32:28","guid":{"rendered":"http:\/\/fundacja.radiopodlasie.pl\/?p=1126"},"modified":"2019-01-14T14:32:28","modified_gmt":"2019-01-14T13:32:28","slug":"spotkanie-oplatkowe-2019-w-opolu-nowym","status":"publish","type":"post","link":"https:\/\/fundacja.radiopodlasie.pl\/?p=1126","title":{"rendered":"Spotkanie op\u0142atkowe 2019 w Opolu Nowym"},"content":{"rendered":"<p><a href=\"http:\/\/fundacja.radiopodlasie.pl\/wp-content\/uploads\/2019\/01\/gala-topu.jpg\"><img decoding=\"async\" loading=\"lazy\" class=\"alignnone size-medium wp-image-1127\" src=\"http:\/\/fundacja.radiopodlasie.pl\/wp-content\/uploads\/2019\/01\/gala-topu-300x170.jpg\" alt=\"\" width=\"300\" height=\"170\" srcset=\"https:\/\/fundacja.radiopodlasie.pl\/wp-content\/uploads\/2019\/01\/gala-topu-300x170.jpg 300w, https:\/\/fundacja.radiopodlasie.pl\/wp-content\/uploads\/2019\/01\/gala-topu.jpg 591w\" sizes=\"(max-width: 300px) 100vw, 300px\" \/><\/a><\/p>\n<p>Fundacja PCR wsp\u00f3\u0142organizowa\u0142a spotkanie przedstawicieli samorz\u0105d\u00f3w, przedsi\u0119biorc\u00f3w i \u017cycia kulturalnego oraz sportowc\u00f3w z Biskupem Siedleckim Kazimierzem Gurd\u0105. Podczas imprezy og\u0142oszono wyniki <a href=\"http:\/\/www.podlasie24.pl\/miasto-siedlce\/region\/laureaci-plebiscytu-top-regionu-2018-28983.html\">TOP REGIONU 2018<\/a>, konkursu na najlepsze realizacje inicjatyw lokalnych, osi\u0105gni\u0119cie kulturalne i sportowe, inwestycj\u0119 regionu. Fundacja zakupi\u0142a statuetki, kt\u00f3re wr\u0119czono laureatom:<\/p>\n<p>W kategorii INWESTYCJA ROKU 2018 pierwsze miejsce\u00a0 i statuetk\u0119 zdoby\u0142a Rewitalizacja Zalewu Zimna Woda w \u0141ukowie, etap I i II.<\/p>\n<p>W kategorii WYDARZENIE KULTURALNE ROKU 2018 statuetk\u0119 otrzymali organizatorzy XV Otwartego Ta\u0144ca Nowoczesnego \u0141osicach<\/p>\n<p>W kategorii SPORTOWIEC ROKU 2018 W REGIONIE pierwsze miejsce zdoby\u0142 Piotr Wi\u015bnicki, katingowiec, kierowca zespo\u0142u Wyrzykowski Motorsport Automobilklubu Wschodniego za tytu\u0142 Wicemistrza Pucharu Rotax Max Challenge Poland<\/p>\n<p>W kategorii WYDARZENIE SPORTOWE ROKU 2018 W REGIONIE najwy\u017csza lokat\u0119 uzyska\u0142 II \u0141osicki Bieg po Flag\u0119 organizowany przez Miasto i Gmin\u0119 \u0141osice, \u0141osicki Dom Kultury i Grup\u0119 &#8222;P\u0119dz\u0105ce \u015a\u0142imaki \u0141osice&#8221;<\/p>\n<p>Opraw\u0119 muzyczno-kol\u0119dow\u0105 zapewni\u0142 Zesp\u00f3\u0142 Pie\u015bni i Ta\u0144ca Ziemi \u0141osickiej, zdobywca tytu\u0142u Z\u0142otego Ko\u0142a Gospody\u0144 Wiejskich Wschodniego Mazowsza w Turnieju KGW 2018 r.<\/p>\n","protected":false},"excerpt":{"rendered":"<p>Fundacja PCR zakupi\u0142a statuetki TOP REGIONU<\/p>\n","protected":false},"author":4,"featured_media":1127,"comment_status":"closed","ping_status":"closed","sticky":false,"template":"","format":"standard","meta":{"ngg_post_thumbnail":0},"categories":[3],"tags":[],"_links":{"self":[{"href":"https:\/\/fundacja.radiopodlasie.pl\/index.php?rest_route=\/wp\/v2\/posts\/1126"}],"collection":[{"href":"https:\/\/fundacja.radiopodlasie.pl\/index.php?rest_route=\/wp\/v2\/posts"}],"about":[{"href":"https:\/\/fundacja.radiopodlasie.pl\/index.php?rest_route=\/wp\/v2\/types\/post"}],"author":[{"embeddable":true,"href":"https:\/\/fundacja.radiopodlasie.pl\/index.php?rest_route=\/wp\/v2\/users\/4"}],"replies":[{"embeddable":true,"href":"https:\/\/fundacja.radiopodlasie.pl\/index.php?rest_route=%2Fwp%2Fv2%2Fcomments&post=1126"}],"version-history":[{"count":1,"href":"https:\/\/fundacja.radiopodlasie.pl\/index.php?rest_route=\/wp\/v2\/posts\/1126\/revisions"}],"predecessor-version":[{"id":1128,"href":"https:\/\/fundacja.radiopodlasie.pl\/index.php?rest_route=\/wp\/v2\/posts\/1126\/revisions\/1128"}],"wp:featuredmedia":[{"embeddable":true,"href":"https:\/\/fundacja.radiopodlasie.pl\/index.php?rest_route=\/wp\/v2\/media\/1127"}],"wp:attachment":[{"href":"https:\/\/fundacja.radiopodlasie.pl\/index.php?rest_route=%2Fwp%2Fv2%2Fmedia&parent=1126"}],"wp:term":[{"taxonomy":"category","embeddable":true,"href":"https:\/\/fundacja.radiopodlasie.pl\/index.php?rest_route=%2Fwp%2Fv2%2Fcategories&post=1126"},{"taxonomy":"post_tag","embeddable":true,"href":"https:\/\/fundacja.radiopodlasie.pl\/index.php?rest_route=%2Fwp%2Fv2%2Ftags&post=1126"}],"curies":[{"name":"wp","href":"https:\/\/api.w.org\/{rel}","templated":true}]}}