{"id":1139,"date":"2019-01-14T15:28:18","date_gmt":"2019-01-14T14:28:18","guid":{"rendered":"http:\/\/fundacja.radiopodlasie.pl\/?p=1139"},"modified":"2019-01-14T15:53:48","modified_gmt":"2019-01-14T14:53:48","slug":"uwolnieni","status":"publish","type":"post","link":"https:\/\/fundacja.radiopodlasie.pl\/?p=1139","title":{"rendered":"UWOLNIENI"},"content":{"rendered":"<div class=\"col-sm-12\">\n<h3><a href=\"http:\/\/fundacja.radiopodlasie.pl\/wp-content\/uploads\/2019\/01\/baner-uwolnieni.jpg\"><img decoding=\"async\" loading=\"lazy\" class=\"alignnone size-medium wp-image-1140\" src=\"http:\/\/fundacja.radiopodlasie.pl\/wp-content\/uploads\/2019\/01\/baner-uwolnieni-300x60.jpg\" alt=\"\" width=\"300\" height=\"60\" srcset=\"https:\/\/fundacja.radiopodlasie.pl\/wp-content\/uploads\/2019\/01\/baner-uwolnieni-300x60.jpg 300w, https:\/\/fundacja.radiopodlasie.pl\/wp-content\/uploads\/2019\/01\/baner-uwolnieni.jpg 750w\" sizes=\"(max-width: 300px) 100vw, 300px\" \/><\/a><a href=\"http:\/\/fundacja.radiopodlasie.pl\/wp-content\/uploads\/2019\/01\/uwolnieni.png\"><img decoding=\"async\" loading=\"lazy\" class=\"alignnone size-medium wp-image-1142\" src=\"http:\/\/fundacja.radiopodlasie.pl\/wp-content\/uploads\/2019\/01\/uwolnieni-300x141.png\" alt=\"\" width=\"300\" height=\"141\" srcset=\"https:\/\/fundacja.radiopodlasie.pl\/wp-content\/uploads\/2019\/01\/uwolnieni-300x141.png 300w, https:\/\/fundacja.radiopodlasie.pl\/wp-content\/uploads\/2019\/01\/uwolnieni-768x361.png 768w, https:\/\/fundacja.radiopodlasie.pl\/wp-content\/uploads\/2019\/01\/uwolnieni-1024x482.png 1024w, https:\/\/fundacja.radiopodlasie.pl\/wp-content\/uploads\/2019\/01\/uwolnieni.png 1343w\" sizes=\"(max-width: 300px) 100vw, 300px\" \/><\/a><\/h3>\n<h3>O projekcie<\/h3>\n<\/div>\n<div class=\"col-sm-10 col-sm-offset-1\">\n<div class=\"section-description\">\u201eUwolnieni\u201d to projekt maj\u0105cy na celu przeciwdzia\u0142anie powrotom do przest\u0119pczo\u015bci oraz prewencj\u0119 przed wchodzeniem w konflikty z prawem. Realizuj\u0105c go odwiedzili\u015bmy wychowank\u00f3w M\u0142odzie\u017cowych O\u015brodk\u00f3w Wychowawczych, ale tak\u017ce zak\u0142ady karne i szko\u0142y \u015brednie. \u00a0 Bohaterowie \u201eUwolnionych\u201d, to ludzie, kt\u00f3rzy wyrwali si\u0119 z kr\u0119gu nienawi\u015bci i przemocy, kt\u00f3rych wcze\u015bniejsze, \u201epoprzednie\u201d \u017cycia pe\u0142ne by\u0142y gniewu, problem\u00f3w, uzale\u017cnie\u0144. Prze\u017cywali tragedie i poni\u017cenia. Byli uwik\u0142ani w ciemne interesy, wy\u0142udzali pieni\u0105dze, stosowali przemoc, z zabiciem cz\u0142owieka w\u0142\u0105cznie. To ludzie prawdziwi. \u015acigani listami go\u0144czymi, niekt\u00f3rzy z nich wielokrotnie aresztowani i skazywani wyrokami s\u0105d\u00f3w na pobyt w wi\u0119zieniu. Teraz s\u0105 wolni. Prze\u017cyli przebudzenie i odbudow\u0119. Nawr\u00f3cenie. Maj\u0105 rodziny, pracuj\u0105, s\u0105 szcz\u0119\u015bliwi. Staraj\u0105 si\u0119 pomaga\u0107 innym \u2013 wszystkim tym, kt\u00f3rzy tej pomocy potrzebuj\u0105, tak jak oni sami kiedy\u015b. Uwolnieni. <a href=\"http:\/\/uwolnieni.edu.pl\/\">WI\u0118CEJ<\/a><\/div>\n<\/div>\n","protected":false},"excerpt":{"rendered":"<p>O projekcie \u201eUwolnieni\u201d to projekt maj\u0105cy na celu przeciwdzia\u0142anie powrotom do przest\u0119pczo\u015bci oraz prewencj\u0119 przed wchodzeniem w konflikty z prawem. Realizuj\u0105c go odwiedzili\u015bmy wychowank\u00f3w M\u0142odzie\u017cowych O\u015brodk\u00f3w Wychowawczych, ale tak\u017ce zak\u0142ady karne i szko\u0142y \u015brednie. \u00a0 Bohaterowie \u201eUwolnionych\u201d, to ludzie, kt\u00f3rzy wyrwali si\u0119 z kr\u0119gu nienawi\u015bci i przemocy, kt\u00f3rych wcze\u015bniejsze, \u201epoprzednie\u201d \u017cycia pe\u0142ne by\u0142y gniewu, problem\u00f3w, [&hellip;]<\/p>\n","protected":false},"author":4,"featured_media":1142,"comment_status":"closed","ping_status":"closed","sticky":false,"template":"","format":"standard","meta":{"ngg_post_thumbnail":0},"categories":[4],"tags":[],"_links":{"self":[{"href":"https:\/\/fundacja.radiopodlasie.pl\/index.php?rest_route=\/wp\/v2\/posts\/1139"}],"collection":[{"href":"https:\/\/fundacja.radiopodlasie.pl\/index.php?rest_route=\/wp\/v2\/posts"}],"about":[{"href":"https:\/\/fundacja.radiopodlasie.pl\/index.php?rest_route=\/wp\/v2\/types\/post"}],"author":[{"embeddable":true,"href":"https:\/\/fundacja.radiopodlasie.pl\/index.php?rest_route=\/wp\/v2\/users\/4"}],"replies":[{"embeddable":true,"href":"https:\/\/fundacja.radiopodlasie.pl\/index.php?rest_route=%2Fwp%2Fv2%2Fcomments&post=1139"}],"version-history":[{"count":3,"href":"https:\/\/fundacja.radiopodlasie.pl\/index.php?rest_route=\/wp\/v2\/posts\/1139\/revisions"}],"predecessor-version":[{"id":1144,"href":"https:\/\/fundacja.radiopodlasie.pl\/index.php?rest_route=\/wp\/v2\/posts\/1139\/revisions\/1144"}],"wp:featuredmedia":[{"embeddable":true,"href":"https:\/\/fundacja.radiopodlasie.pl\/index.php?rest_route=\/wp\/v2\/media\/1142"}],"wp:attachment":[{"href":"https:\/\/fundacja.radiopodlasie.pl\/index.php?rest_route=%2Fwp%2Fv2%2Fmedia&parent=1139"}],"wp:term":[{"taxonomy":"category","embeddable":true,"href":"https:\/\/fundacja.radiopodlasie.pl\/index.php?rest_route=%2Fwp%2Fv2%2Fcategories&post=1139"},{"taxonomy":"post_tag","embeddable":true,"href":"https:\/\/fundacja.radiopodlasie.pl\/index.php?rest_route=%2Fwp%2Fv2%2Ftags&post=1139"}],"curies":[{"name":"wp","href":"https:\/\/api.w.org\/{rel}","templated":true}]}}