{"id":1154,"date":"2019-01-28T15:48:04","date_gmt":"2019-01-28T14:48:04","guid":{"rendered":"http:\/\/fundacja.radiopodlasie.pl\/?p=1154"},"modified":"2019-01-28T15:48:04","modified_gmt":"2019-01-28T14:48:04","slug":"zakonczenie-dzialan-projektu-unikajmy-zlych-drog","status":"publish","type":"post","link":"https:\/\/fundacja.radiopodlasie.pl\/?p=1154","title":{"rendered":"Zako\u0144czenie dzia\u0142a\u0144 projektu &#8222;Unikajmy z\u0142ych dr\u00f3g&#8221;"},"content":{"rendered":"<p><a href=\"http:\/\/fundacja.radiopodlasie.pl\/wp-content\/uploads\/2018\/11\/78165_KRP-KALENDARZ-2019-1-1.jpg\"><img decoding=\"async\" loading=\"lazy\" class=\"alignnone size-medium wp-image-1121\" src=\"http:\/\/fundacja.radiopodlasie.pl\/wp-content\/uploads\/2018\/11\/78165_KRP-KALENDARZ-2019-1-1-300x176.jpg\" alt=\"\" width=\"300\" height=\"176\" srcset=\"https:\/\/fundacja.radiopodlasie.pl\/wp-content\/uploads\/2018\/11\/78165_KRP-KALENDARZ-2019-1-1-300x176.jpg 300w, https:\/\/fundacja.radiopodlasie.pl\/wp-content\/uploads\/2018\/11\/78165_KRP-KALENDARZ-2019-1-1.jpg 600w\" sizes=\"(max-width: 300px) 100vw, 300px\" \/><\/a>Zako\u0144czy\u0142y si\u0119 dzia\u0142ania \u00a0Fundacji Podlaskie Centrum Radiowe w ramach projektu Unikajmy z\u0142ych dr\u00f3g. Powsta\u0142y warto\u015bciowe materia\u0142y d\u017awi\u0119kowe.<\/p>\n<p>&nbsp;<\/p>\n<p>W\u015br\u00f3d dzia\u0142a\u0144 projektu znalaz\u0142y si\u0119: realizacja spotka\u0144 informacyjno-szkoleniowych, podczas kt\u00f3rych rozdawane by\u0142y broszury &#8222;B\u0105d\u017a kowalem swego losu&#8221; &#8211; \u00a0ze \u015bwiadectwami \u017cycia os\u00f3b wychodz\u0105cych z uzale\u017cnie\u0144 i przest\u0119pczo\u015bci, kr\u00f3tkim poradnikiem na temat zapobiegania przemocy domowej oraz\u00a0 list\u0105 adresow\u0105 instytucji pomocowych w regionie. Spotykali\u015bmy si\u0119 z zainteresowanymi w Siedlcach, Bia\u0142ej Podlaskiej, W\u0119growie, Parczewie, Mi\u0119dzyrzecu Podlaskim, \u0141ukowie i Terespolu.<\/p>\n<p>Powsta\u0142o 20 audycji pod wsp\u00f3lnym tytu\u0142em &#8222;Temu mo\u017cna zapobiec&#8221;. O przyczynach przest\u0119pczo\u015bci i sposobach zapobiegania im reporterzy Katolickiego Radia Podlasie rozmawiali z psychologami uzale\u017cnie\u0144, psychologami z zak\u0142ad\u00f3w karnych, aktywistami, wychowawcami, kapelanem wi\u0119ziennym.<\/p>\n<p>Zach\u0119camy jeszcze raz \u00a0do zapoznania si\u0119 z \u00a0tym wa\u017cnym tematem. Wszystkie audycje mo\u017cna znale\u017a\u0107 w <a href=\"http:\/\/archiwum.radiopodlasie.pl\/NEW\/category\/projekty\/unikajmy-zlych-drog-temu-mozna-zapobiec\/\">Archiwum D\u017awi\u0119kowym KRP.<\/a><\/p>\n<p>Zapraszamy do pos\u0142uchania:<\/p>\n<p><a href=\"http:\/\/archiwum.radiopodlasie.pl\/NEW\/category\/projekty\/unikajmy-zlych-drog-temu-mozna-zapobiec\/\">http:\/\/archiwum.radiopodlasie.pl\/NEW\/category\/projekty\/unikajmy-zlych-drog-temu-mozna-zapobiec\/<\/a><\/p>\n","protected":false},"excerpt":{"rendered":"<p>Zako\u0144czy\u0142y si\u0119 dzia\u0142ania \u00a0Fundacji Podlaskie Centrum Radiowe w ramach projektu Unikajmy z\u0142ych dr\u00f3g. Powsta\u0142y warto\u015bciowe materia\u0142y d\u017awi\u0119kowe. &nbsp; W\u015br\u00f3d dzia\u0142a\u0144 projektu znalaz\u0142y si\u0119: realizacja spotka\u0144 informacyjno-szkoleniowych, podczas kt\u00f3rych rozdawane by\u0142y broszury &#8222;B\u0105d\u017a kowalem swego losu&#8221; &#8211; \u00a0ze \u015bwiadectwami \u017cycia os\u00f3b wychodz\u0105cych z uzale\u017cnie\u0144 i przest\u0119pczo\u015bci, kr\u00f3tkim poradnikiem na temat zapobiegania przemocy domowej oraz\u00a0 list\u0105 adresow\u0105 [&hellip;]<\/p>\n","protected":false},"author":4,"featured_media":1121,"comment_status":"closed","ping_status":"closed","sticky":false,"template":"","format":"standard","meta":{"ngg_post_thumbnail":0},"categories":[4],"tags":[],"_links":{"self":[{"href":"https:\/\/fundacja.radiopodlasie.pl\/index.php?rest_route=\/wp\/v2\/posts\/1154"}],"collection":[{"href":"https:\/\/fundacja.radiopodlasie.pl\/index.php?rest_route=\/wp\/v2\/posts"}],"about":[{"href":"https:\/\/fundacja.radiopodlasie.pl\/index.php?rest_route=\/wp\/v2\/types\/post"}],"author":[{"embeddable":true,"href":"https:\/\/fundacja.radiopodlasie.pl\/index.php?rest_route=\/wp\/v2\/users\/4"}],"replies":[{"embeddable":true,"href":"https:\/\/fundacja.radiopodlasie.pl\/index.php?rest_route=%2Fwp%2Fv2%2Fcomments&post=1154"}],"version-history":[{"count":1,"href":"https:\/\/fundacja.radiopodlasie.pl\/index.php?rest_route=\/wp\/v2\/posts\/1154\/revisions"}],"predecessor-version":[{"id":1155,"href":"https:\/\/fundacja.radiopodlasie.pl\/index.php?rest_route=\/wp\/v2\/posts\/1154\/revisions\/1155"}],"wp:featuredmedia":[{"embeddable":true,"href":"https:\/\/fundacja.radiopodlasie.pl\/index.php?rest_route=\/wp\/v2\/media\/1121"}],"wp:attachment":[{"href":"https:\/\/fundacja.radiopodlasie.pl\/index.php?rest_route=%2Fwp%2Fv2%2Fmedia&parent=1154"}],"wp:term":[{"taxonomy":"category","embeddable":true,"href":"https:\/\/fundacja.radiopodlasie.pl\/index.php?rest_route=%2Fwp%2Fv2%2Fcategories&post=1154"},{"taxonomy":"post_tag","embeddable":true,"href":"https:\/\/fundacja.radiopodlasie.pl\/index.php?rest_route=%2Fwp%2Fv2%2Ftags&post=1154"}],"curies":[{"name":"wp","href":"https:\/\/api.w.org\/{rel}","templated":true}]}}