{"id":118,"date":"2012-03-29T19:01:55","date_gmt":"2012-03-29T17:01:55","guid":{"rendered":"http:\/\/fundacja.radiopodlasie.pl\/?p=118"},"modified":"2013-11-22T13:07:55","modified_gmt":"2013-11-22T12:07:55","slug":"wielkopostny-dzien-skupiena","status":"publish","type":"post","link":"https:\/\/fundacja.radiopodlasie.pl\/?p=118","title":{"rendered":"Wielkopostny Dzie\u0144 Skupiena"},"content":{"rendered":"<p>Wielkopostny Dzie\u0144 Skupiena na kt\u00f3ry zaproszeni byli wszyscy pracownicy i wsp\u00f3\u0142pracownicy \u00a0Katolickiego\u00a0 Radia Podlasie i portalu podlasie24.pl Odby\u0142\u00a0 si\u0119 on w Domu Rekolekcyjnym w Opolu Nowym dnia 29 marca 2012 r w godzinach od 15.00 do 18.00.<\/p>\n<p>Dwie konferencje biblijne <i>Krzy\u017c w codzienno\u015bci <\/i>wyg\u0142osi\u0142\u00a0 ks. Pawe\u0142 Bro\u0144ski \u2013 wikariusz parafii Chrystusa Mi\u0142osiernego w D\u0119blinie. W ramach integracji zespo\u0142u zorganizowano agap\u0119.<\/p>\n","protected":false},"excerpt":{"rendered":"<p>Wielkopostny Dzie\u0144 Skupiena na kt\u00f3ry zaproszeni byli wszyscy pracownicy i wsp\u00f3\u0142pracownicy \u00a0Katolickiego\u00a0 Radia Podlasie i portalu podlasie24.pl Odby\u0142\u00a0 si\u0119 on w Domu Rekolekcyjnym w Opolu Nowym dnia 29 marca 2012 r w godzinach od 15.00 do 18.00. Dwie konferencje biblijne Krzy\u017c w codzienno\u015bci wyg\u0142osi\u0142\u00a0 ks. Pawe\u0142 Bro\u0144ski \u2013 wikariusz parafii Chrystusa Mi\u0142osiernego w D\u0119blinie. W [&hellip;]<\/p>\n","protected":false},"author":1,"featured_media":120,"comment_status":"closed","ping_status":"open","sticky":false,"template":"","format":"standard","meta":{"ngg_post_thumbnail":0},"categories":[1],"tags":[],"_links":{"self":[{"href":"https:\/\/fundacja.radiopodlasie.pl\/index.php?rest_route=\/wp\/v2\/posts\/118"}],"collection":[{"href":"https:\/\/fundacja.radiopodlasie.pl\/index.php?rest_route=\/wp\/v2\/posts"}],"about":[{"href":"https:\/\/fundacja.radiopodlasie.pl\/index.php?rest_route=\/wp\/v2\/types\/post"}],"author":[{"embeddable":true,"href":"https:\/\/fundacja.radiopodlasie.pl\/index.php?rest_route=\/wp\/v2\/users\/1"}],"replies":[{"embeddable":true,"href":"https:\/\/fundacja.radiopodlasie.pl\/index.php?rest_route=%2Fwp%2Fv2%2Fcomments&post=118"}],"version-history":[{"count":2,"href":"https:\/\/fundacja.radiopodlasie.pl\/index.php?rest_route=\/wp\/v2\/posts\/118\/revisions"}],"predecessor-version":[{"id":122,"href":"https:\/\/fundacja.radiopodlasie.pl\/index.php?rest_route=\/wp\/v2\/posts\/118\/revisions\/122"}],"wp:featuredmedia":[{"embeddable":true,"href":"https:\/\/fundacja.radiopodlasie.pl\/index.php?rest_route=\/wp\/v2\/media\/120"}],"wp:attachment":[{"href":"https:\/\/fundacja.radiopodlasie.pl\/index.php?rest_route=%2Fwp%2Fv2%2Fmedia&parent=118"}],"wp:term":[{"taxonomy":"category","embeddable":true,"href":"https:\/\/fundacja.radiopodlasie.pl\/index.php?rest_route=%2Fwp%2Fv2%2Fcategories&post=118"},{"taxonomy":"post_tag","embeddable":true,"href":"https:\/\/fundacja.radiopodlasie.pl\/index.php?rest_route=%2Fwp%2Fv2%2Ftags&post=118"}],"curies":[{"name":"wp","href":"https:\/\/api.w.org\/{rel}","templated":true}]}}