{"id":1206,"date":"2019-10-30T12:20:12","date_gmt":"2019-10-30T11:20:12","guid":{"rendered":"http:\/\/fundacja.radiopodlasie.pl\/?p=1206"},"modified":"2019-10-30T12:36:04","modified_gmt":"2019-10-30T11:36:04","slug":"podlaskie-muzykowanie-2019-etnopolska2019","status":"publish","type":"post","link":"https:\/\/fundacja.radiopodlasie.pl\/?p=1206","title":{"rendered":"Podlaskie Muzykowanie 2019 &#8211; EtnoPolska2019"},"content":{"rendered":"\r\n<p>7 teledysk\u00f3w, 7 zespo\u0142\u00f3w ludowych, 7 przepi\u0119knych ludowych pie\u015bni, mn\u00f3stwo zaanga\u017cowanych os\u00f3b i jeden projekt &#8222;Podlaskie muzykowanie 2019&#8221; w ramach programu EtnoPolska2019.<\/p>\r\n\r\n\r\n\r\n<p>Cz\u0119\u015b\u0107 z tych zespo\u0142\u00f3w wiele z Pa\u0144stwa zna, poniewa\u017c bior\u0105 udzia\u0142 w organizowanych co roku przez Katolickie Radio Podlasie Turnieju KGW, a tak\u017ce informujemy Pa\u0144stwa o ich poczynaniach na \u0142amach naszego portalu. W tym roku 7 zespo\u0142\u00f3w wybranych komisyjnie mia\u0142o okazj\u0119 uczestniczy\u0107 w niesamowitym projekcie. Polega\u0142 on na realizacji zadania, kt\u00f3rym by\u0142o stworzenie teledysk\u00f3w dla siedmiu wyj\u0105tkowych zespo\u0142\u00f3w ludowych, ale nie tylko. Mia\u0142 on r\u00f3wnie\u017c na celu wypromowanie Podlasia jako regionu bardzo r\u00f3\u017cnorodnego etnicznie i kulturowo. Jest on odpowiedzi\u0105 na potrzeb\u0119 spo\u0142eczno\u015bci lokalnych, dla kt\u00f3rych wa\u017cne jest dziedzictwo kulturowe Podlasia.<\/p>\r\n\r\n\r\n\r\n<p>Projekt rozpocz\u0105\u0142 si\u0119 od wy\u0142onienia 7 zespo\u0142\u00f3w przez komisj\u0119 w sk\u0142adzie:<\/p>\r\n\r\n\r\n\r\n<p>1. Maria Koc \u2013 etnolog, 2. ks. Andrzej Sochal \u2013 przedstawiciel regionu podlaskiego, 3. Rados\u0142aw Labahua \u2013 muzyk.<\/p>\r\n\r\n\r\n\r\n<p>Nast\u0119pnie zespo\u0142y te uczestniczy\u0142y w nagraniu teledysk\u00f3w. Zadanie te wykona\u0142a profesjonalna ekipa. Podczas trwania projektu powsta\u0142y teksty o wybranych zespo\u0142ach, przedstawiaj\u0105ce histori\u0119 ich powstania, cz\u0142onk\u00f3w, a tak\u017ce teksty o regionie. Zebrane zosta\u0142y wraz z fotorelacj\u0105 z plan\u00f3w zdj\u0119ciowych na stronie internetowej <strong>ludowanuta.pl<\/strong><a href=\"http:\/\/ludowanuta.pl\/\">http:\/\/ludowanuta.pl\/<\/a><\/p>\r\n\r\n\r\n\r\n<p>, jak r\u00f3wnie\u017c na profilu na Instagramie: ludowa_nuta, a tak\u017ce na kanale na Youtube: Ludowa nuta \u2013 EtnoPolska, gdzie ju\u017c w pa\u017adzierniku b\u0119d\u0105 zamieszczone teledyski.<\/p>\r\n\r\n\r\n\r\n<p>Projekt &#8222;Podlaskie muzykowanie 2019&#8221; dofinansowano ze \u015brodk\u00f3w Narodowego Centrum Kultury w ramach programu EtnoPolska 2019.<\/p>\r\n<p><a href=\"http:\/\/fundacja.radiopodlasie.pl\/wp-content\/uploads\/2019\/10\/etno-polska.jpg\"><img decoding=\"async\" loading=\"lazy\" class=\"alignleft size-full wp-image-1211\" src=\"http:\/\/fundacja.radiopodlasie.pl\/wp-content\/uploads\/2019\/10\/etno-polska.jpg\" alt=\"\" width=\"600\" height=\"100\" srcset=\"https:\/\/fundacja.radiopodlasie.pl\/wp-content\/uploads\/2019\/10\/etno-polska.jpg 600w, https:\/\/fundacja.radiopodlasie.pl\/wp-content\/uploads\/2019\/10\/etno-polska-300x50.jpg 300w\" sizes=\"(max-width: 600px) 100vw, 600px\" \/><\/a><\/p>\r\n","protected":false},"excerpt":{"rendered":"<p>7 teledysk\u00f3w, 7 zespo\u0142\u00f3w ludowych, 7 przepi\u0119knych ludowych pie\u015bni, mn\u00f3stwo zaanga\u017cowanych os\u00f3b i jeden projekt &#8222;Podlaskie muzykowanie 2019&#8221; w ramach programu EtnoPolska2019. Cz\u0119\u015b\u0107 z tych zespo\u0142\u00f3w wiele z Pa\u0144stwa zna, poniewa\u017c bior\u0105 udzia\u0142 w organizowanych co roku przez Katolickie Radio Podlasie Turnieju KGW, a tak\u017ce informujemy Pa\u0144stwa o ich poczynaniach na \u0142amach naszego portalu. W [&hellip;]<\/p>\n","protected":false},"author":1,"featured_media":1208,"comment_status":"closed","ping_status":"closed","sticky":false,"template":"","format":"standard","meta":{"ngg_post_thumbnail":0},"categories":[4],"tags":[31,32,33,34,35,36,37,15,38,39,40],"_links":{"self":[{"href":"https:\/\/fundacja.radiopodlasie.pl\/index.php?rest_route=\/wp\/v2\/posts\/1206"}],"collection":[{"href":"https:\/\/fundacja.radiopodlasie.pl\/index.php?rest_route=\/wp\/v2\/posts"}],"about":[{"href":"https:\/\/fundacja.radiopodlasie.pl\/index.php?rest_route=\/wp\/v2\/types\/post"}],"author":[{"embeddable":true,"href":"https:\/\/fundacja.radiopodlasie.pl\/index.php?rest_route=\/wp\/v2\/users\/1"}],"replies":[{"embeddable":true,"href":"https:\/\/fundacja.radiopodlasie.pl\/index.php?rest_route=%2Fwp%2Fv2%2Fcomments&post=1206"}],"version-history":[{"count":3,"href":"https:\/\/fundacja.radiopodlasie.pl\/index.php?rest_route=\/wp\/v2\/posts\/1206\/revisions"}],"predecessor-version":[{"id":1228,"href":"https:\/\/fundacja.radiopodlasie.pl\/index.php?rest_route=\/wp\/v2\/posts\/1206\/revisions\/1228"}],"wp:featuredmedia":[{"embeddable":true,"href":"https:\/\/fundacja.radiopodlasie.pl\/index.php?rest_route=\/wp\/v2\/media\/1208"}],"wp:attachment":[{"href":"https:\/\/fundacja.radiopodlasie.pl\/index.php?rest_route=%2Fwp%2Fv2%2Fmedia&parent=1206"}],"wp:term":[{"taxonomy":"category","embeddable":true,"href":"https:\/\/fundacja.radiopodlasie.pl\/index.php?rest_route=%2Fwp%2Fv2%2Fcategories&post=1206"},{"taxonomy":"post_tag","embeddable":true,"href":"https:\/\/fundacja.radiopodlasie.pl\/index.php?rest_route=%2Fwp%2Fv2%2Ftags&post=1206"}],"curies":[{"name":"wp","href":"https:\/\/api.w.org\/{rel}","templated":true}]}}