{"id":1210,"date":"2019-10-30T12:26:58","date_gmt":"2019-10-30T11:26:58","guid":{"rendered":"http:\/\/fundacja.radiopodlasie.pl\/?p=1210"},"modified":"2019-10-30T12:26:58","modified_gmt":"2019-10-30T11:26:58","slug":"jezyk-pogranicza-etno-2019","status":"publish","type":"post","link":"https:\/\/fundacja.radiopodlasie.pl\/?p=1210","title":{"rendered":"J\u0119zyk pogranicza &#8211; ETNO 2019"},"content":{"rendered":"\r\n<figure class=\"wp-block-image\"><a href=\"http:\/\/fundacja.radiopodlasie.pl\/wp-content\/uploads\/2019\/10\/ludowanuta-riabina-0050-1024x683.jpg\"><img decoding=\"async\" loading=\"lazy\" class=\"aligncenter wp-image-1215 size-full\" src=\"http:\/\/fundacja.radiopodlasie.pl\/wp-content\/uploads\/2019\/10\/ludowanuta-riabina-0050-1024x683.jpg\" alt=\"\" width=\"1024\" height=\"683\" srcset=\"https:\/\/fundacja.radiopodlasie.pl\/wp-content\/uploads\/2019\/10\/ludowanuta-riabina-0050-1024x683.jpg 1024w, https:\/\/fundacja.radiopodlasie.pl\/wp-content\/uploads\/2019\/10\/ludowanuta-riabina-0050-1024x683-300x200.jpg 300w, https:\/\/fundacja.radiopodlasie.pl\/wp-content\/uploads\/2019\/10\/ludowanuta-riabina-0050-1024x683-768x512.jpg 768w\" sizes=\"(max-width: 1024px) 100vw, 1024px\" \/><\/a><\/figure>\r\n \r\n\r\nA\u2019cappella czy z kapel\u0105? Po \u201eswojemu\u201d? Po Polsku? Bia\u0142orusku? A mo\u017ce Litewsku? Zespo\u0142y \u015bpiewacze, kt\u00f3re wzi\u0119\u0142y udzia\u0142 w projekcie &#8222;Podlaskie muzykowanie 2019&#8221; w ramach programu EtnoPolska 2019, prezentuj\u0105 ca\u0142\u0105 gam\u0119 pie\u015bni ludowych.\r\n\r\n \r\n<figure class=\"wp-block-image\"><a href=\"http:\/\/fundacja.radiopodlasie.pl\/wp-content\/uploads\/2019\/10\/ludowanuta-pogranicze-0083-1024x683.jpg\"><img decoding=\"async\" loading=\"lazy\" class=\"alignleft size-full wp-image-1213\" src=\"http:\/\/fundacja.radiopodlasie.pl\/wp-content\/uploads\/2019\/10\/ludowanuta-pogranicze-0083-1024x683.jpg\" alt=\"\" width=\"1024\" height=\"683\" srcset=\"https:\/\/fundacja.radiopodlasie.pl\/wp-content\/uploads\/2019\/10\/ludowanuta-pogranicze-0083-1024x683.jpg 1024w, https:\/\/fundacja.radiopodlasie.pl\/wp-content\/uploads\/2019\/10\/ludowanuta-pogranicze-0083-1024x683-300x200.jpg 300w, https:\/\/fundacja.radiopodlasie.pl\/wp-content\/uploads\/2019\/10\/ludowanuta-pogranicze-0083-1024x683-768x512.jpg 768w\" sizes=\"(max-width: 1024px) 100vw, 1024px\" \/><\/a><\/figure>\r\n \r\n\r\nIch r\u00f3\u017cnorodno\u015b\u0107 podyktowana jest r\u00f3\u017cnorodno\u015bci\u0105 Podlasia, kt\u00f3re zamieszkiwane by\u0142o przez Polak\u00f3w, Bia\u0142orusin\u00f3w, Ukrai\u0144c\u00f3w, Litwin\u00f3w i Tatar\u00f3w.\r\n\r\n \r\n<figure class=\"wp-block-image\"><a href=\"http:\/\/fundacja.radiopodlasie.pl\/wp-content\/uploads\/2019\/10\/ludowanuta-pogranicze-0038-1024x683.jpg\"><img decoding=\"async\" loading=\"lazy\" class=\"alignleft size-full wp-image-1212\" src=\"http:\/\/fundacja.radiopodlasie.pl\/wp-content\/uploads\/2019\/10\/ludowanuta-pogranicze-0038-1024x683.jpg\" alt=\"\" width=\"1024\" height=\"683\" srcset=\"https:\/\/fundacja.radiopodlasie.pl\/wp-content\/uploads\/2019\/10\/ludowanuta-pogranicze-0038-1024x683.jpg 1024w, https:\/\/fundacja.radiopodlasie.pl\/wp-content\/uploads\/2019\/10\/ludowanuta-pogranicze-0038-1024x683-300x200.jpg 300w, https:\/\/fundacja.radiopodlasie.pl\/wp-content\/uploads\/2019\/10\/ludowanuta-pogranicze-0038-1024x683-768x512.jpg 768w\" sizes=\"(max-width: 1024px) 100vw, 1024px\" \/><\/a><\/figure>\r\n \r\n\r\nJedni bez instrument\u00f3w, na surowo, ale dostojnie i przepi\u0119knie, inni weselej, z ca\u0142\u0105 kapel\u0105, tanecznie. Projekt zgromadzi\u0142 tak wiele, tak r\u00f3\u017cnych zespo\u0142\u00f3w, kt\u00f3rych brzmienie by\u0142o zupe\u0142nie odmienne, \u017ce czasami mo\u017cna by\u0142o odnie\u015b\u0107 wra\u017cenie, \u017ce nie pochodz\u0105 z tego samego regionu. A jednak\u2026\r\n\r\n \r\n\r\nKolejny raz zach\u0119camy do zajrzenia na nasz\u0105 stron\u0119 internetow\u0105 i poczytania tekstu \u201eEtno nuta\u201d <a href=\"http:\/\/ludowanuta.pl\/2019\/09\/23\/etno-nuta\/\">\/kliknij tutaj\/<\/a>\r\n\r\n \r\n\r\nProjekt &#8222;Podlaskie muzykowanie 2019&#8221; dofinansowano ze \u015brodk\u00f3w Narodowego Centrum Kultury w ramach programu EtnoPolska 2019.\r\n\r\n \r\n<figure class=\"wp-block-image\"><a href=\"http:\/\/fundacja.radiopodlasie.pl\/wp-content\/uploads\/2019\/10\/etno-polska.jpg\"><img decoding=\"async\" loading=\"lazy\" class=\"alignleft size-full wp-image-1211\" src=\"http:\/\/fundacja.radiopodlasie.pl\/wp-content\/uploads\/2019\/10\/etno-polska.jpg\" alt=\"\" width=\"600\" height=\"100\" srcset=\"https:\/\/fundacja.radiopodlasie.pl\/wp-content\/uploads\/2019\/10\/etno-polska.jpg 600w, https:\/\/fundacja.radiopodlasie.pl\/wp-content\/uploads\/2019\/10\/etno-polska-300x50.jpg 300w\" sizes=\"(max-width: 600px) 100vw, 600px\" \/><\/a><\/figure>\r\n","protected":false},"excerpt":{"rendered":"<p>A\u2019cappella czy z kapel\u0105? Po \u201eswojemu\u201d? Po Polsku? Bia\u0142orusku? A mo\u017ce Litewsku? Zespo\u0142y \u015bpiewacze, kt\u00f3re wzi\u0119\u0142y udzia\u0142 w projekcie &#8222;Podlaskie muzykowanie 2019&#8221; w ramach programu EtnoPolska 2019, prezentuj\u0105 ca\u0142\u0105 gam\u0119 pie\u015bni ludowych. Ich r\u00f3\u017cnorodno\u015b\u0107 podyktowana jest r\u00f3\u017cnorodno\u015bci\u0105 Podlasia, kt\u00f3re zamieszkiwane by\u0142o przez Polak\u00f3w, Bia\u0142orusin\u00f3w, Ukrai\u0144c\u00f3w, Litwin\u00f3w i Tatar\u00f3w. Jedni bez instrument\u00f3w, na surowo, ale dostojnie [&hellip;]<\/p>\n","protected":false},"author":1,"featured_media":1214,"comment_status":"closed","ping_status":"closed","sticky":false,"template":"","format":"standard","meta":{"ngg_post_thumbnail":0},"categories":[4],"tags":[41,42,32,43,44,36,37,15,38,45,40],"_links":{"self":[{"href":"https:\/\/fundacja.radiopodlasie.pl\/index.php?rest_route=\/wp\/v2\/posts\/1210"}],"collection":[{"href":"https:\/\/fundacja.radiopodlasie.pl\/index.php?rest_route=\/wp\/v2\/posts"}],"about":[{"href":"https:\/\/fundacja.radiopodlasie.pl\/index.php?rest_route=\/wp\/v2\/types\/post"}],"author":[{"embeddable":true,"href":"https:\/\/fundacja.radiopodlasie.pl\/index.php?rest_route=\/wp\/v2\/users\/1"}],"replies":[{"embeddable":true,"href":"https:\/\/fundacja.radiopodlasie.pl\/index.php?rest_route=%2Fwp%2Fv2%2Fcomments&post=1210"}],"version-history":[{"count":1,"href":"https:\/\/fundacja.radiopodlasie.pl\/index.php?rest_route=\/wp\/v2\/posts\/1210\/revisions"}],"predecessor-version":[{"id":1216,"href":"https:\/\/fundacja.radiopodlasie.pl\/index.php?rest_route=\/wp\/v2\/posts\/1210\/revisions\/1216"}],"wp:featuredmedia":[{"embeddable":true,"href":"https:\/\/fundacja.radiopodlasie.pl\/index.php?rest_route=\/wp\/v2\/media\/1214"}],"wp:attachment":[{"href":"https:\/\/fundacja.radiopodlasie.pl\/index.php?rest_route=%2Fwp%2Fv2%2Fmedia&parent=1210"}],"wp:term":[{"taxonomy":"category","embeddable":true,"href":"https:\/\/fundacja.radiopodlasie.pl\/index.php?rest_route=%2Fwp%2Fv2%2Fcategories&post=1210"},{"taxonomy":"post_tag","embeddable":true,"href":"https:\/\/fundacja.radiopodlasie.pl\/index.php?rest_route=%2Fwp%2Fv2%2Ftags&post=1210"}],"curies":[{"name":"wp","href":"https:\/\/api.w.org\/{rel}","templated":true}]}}