{"id":1217,"date":"2019-10-30T12:32:18","date_gmt":"2019-10-30T11:32:18","guid":{"rendered":"http:\/\/fundacja.radiopodlasie.pl\/?p=1217"},"modified":"2019-10-30T12:32:18","modified_gmt":"2019-10-30T11:32:18","slug":"etno-polska-czyli-dlaczego-warto","status":"publish","type":"post","link":"https:\/\/fundacja.radiopodlasie.pl\/?p=1217","title":{"rendered":"&#8222;Etno Polska, czyli dlaczego warto?&#8221;"},"content":{"rendered":"\r\n\r\n<a href=\"http:\/\/fundacja.radiopodlasie.pl\/wp-content\/uploads\/2019\/10\/DSC_0125.jpg\"><img decoding=\"async\" loading=\"lazy\" class=\"alignleft size-full wp-image-1218\" src=\"http:\/\/fundacja.radiopodlasie.pl\/wp-content\/uploads\/2019\/10\/DSC_0125.jpg\" alt=\"\" width=\"1152\" height=\"768\" srcset=\"https:\/\/fundacja.radiopodlasie.pl\/wp-content\/uploads\/2019\/10\/DSC_0125.jpg 1152w, https:\/\/fundacja.radiopodlasie.pl\/wp-content\/uploads\/2019\/10\/DSC_0125-300x200.jpg 300w, https:\/\/fundacja.radiopodlasie.pl\/wp-content\/uploads\/2019\/10\/DSC_0125-768x512.jpg 768w, https:\/\/fundacja.radiopodlasie.pl\/wp-content\/uploads\/2019\/10\/DSC_0125-1024x683.jpg 1024w\" sizes=\"(max-width: 1152px) 100vw, 1152px\" \/><\/a>\r\n\r\n\u201ePraca w zespole to prawdziwa przyjemno\u015b\u0107 i przygoda, kt\u00f3ra zawa\u017cy\u0142a na naszej artystycznej wra\u017cliwo\u015bci i ukszta\u0142towa\u0142a nasz styl \u017cycia\u201d \u2013 m\u00f3wi jedna z cz\u0142onki\u0144 Zespo\u0142u \u201eJarz\u0119bina\u201d. Tak w\u0142a\u015bnie zaczyna si\u0119 kolejny tekst, promuj\u0105cy projekt &#8222;Podlaskie muzykowanie 2019&#8221; w ramach programu EtnoPolska 2019.\r\n\r\n \r\n\r\n<a href=\"http:\/\/fundacja.radiopodlasie.pl\/wp-content\/uploads\/2019\/10\/DSC_0184.jpg\"><img decoding=\"async\" loading=\"lazy\" class=\"alignleft size-full wp-image-1221\" src=\"http:\/\/fundacja.radiopodlasie.pl\/wp-content\/uploads\/2019\/10\/DSC_0184.jpg\" alt=\"\" width=\"1074\" height=\"768\" srcset=\"https:\/\/fundacja.radiopodlasie.pl\/wp-content\/uploads\/2019\/10\/DSC_0184.jpg 1074w, https:\/\/fundacja.radiopodlasie.pl\/wp-content\/uploads\/2019\/10\/DSC_0184-300x215.jpg 300w, https:\/\/fundacja.radiopodlasie.pl\/wp-content\/uploads\/2019\/10\/DSC_0184-768x549.jpg 768w, https:\/\/fundacja.radiopodlasie.pl\/wp-content\/uploads\/2019\/10\/DSC_0184-1024x732.jpg 1024w\" sizes=\"(max-width: 1074px) 100vw, 1074px\" \/><\/a>\r\n\r\nTekst \u201eEtno Polska, czyli dlaczego warto?\u201d jest w\u0142a\u015bnie o tym, co daje uczestnictwo w zespole ludowym, dlaczego warto do takich zespo\u0142\u00f3w nale\u017ce\u0107. Na takie pytania odpowiadali uczestnicy projektu, w pi\u0119kny spos\u00f3b opowiadaj\u0105c o swojej pasji. Cz\u0119sto jest to pasja bardzo zajmuj\u0105ca i czasoch\u0142onna. Sk\u0142adaj\u0105 si\u0119 na ni\u0105 wielogodzinne pr\u00f3by, nie rzadko opr\u00f3cz \u015bpiewu &#8211; r\u00f3wnie\u017c ta\u0144ca, wyst\u0119py, nagrania, poszukiwanie sponsor\u00f3w. Trzeba mie\u0107 w sobie bardzo du\u017co zapa\u0142u i mi\u0142o\u015bci do muzyki, \u017ceby to kontynuowa\u0107, cz\u0119sto przez dziesi\u0105tki lat. Ale wszystko wynagradza uznanie publiczno\u015bci i&#8230; cz\u0119ste wyjazdy, powi\u0105zane ze zwiedzaniem i zdobywaniem nowych do\u015bwiadcze\u0144. Chcecie wiedzie\u0107 wi\u0119cej?\r\n\r\n<a href=\"http:\/\/fundacja.radiopodlasie.pl\/wp-content\/uploads\/2019\/10\/DSC_0131.jpg\"><img decoding=\"async\" loading=\"lazy\" class=\"alignleft size-full wp-image-1219\" src=\"http:\/\/fundacja.radiopodlasie.pl\/wp-content\/uploads\/2019\/10\/DSC_0131.jpg\" alt=\"\" width=\"1152\" height=\"768\" srcset=\"https:\/\/fundacja.radiopodlasie.pl\/wp-content\/uploads\/2019\/10\/DSC_0131.jpg 1152w, https:\/\/fundacja.radiopodlasie.pl\/wp-content\/uploads\/2019\/10\/DSC_0131-300x200.jpg 300w, https:\/\/fundacja.radiopodlasie.pl\/wp-content\/uploads\/2019\/10\/DSC_0131-768x512.jpg 768w, https:\/\/fundacja.radiopodlasie.pl\/wp-content\/uploads\/2019\/10\/DSC_0131-1024x683.jpg 1024w\" sizes=\"(max-width: 1152px) 100vw, 1152px\" \/><\/a>\r\n\r\n \r\n\r\nZajrzyjcie na stron\u0119 internetow\u0105:\r\n<a href=\"http:\/\/ludowanuta.pl\/2019\/09\/12\/etno-polska-czyli-dlaczego-warto\/\">http:\/\/ludowanuta.pl\/2019\/09\/12\/etno-polska-czyli-dlaczego-warto\/<\/a>\r\nETNO Polska, czyli dlaczego warto\u2026 \u2013 Podlaskie muzykowanie 2019\r\nludowanuta.pl\r\n\r\n<a href=\"http:\/\/fundacja.radiopodlasie.pl\/wp-content\/uploads\/2019\/10\/etno-polska.jpg\"><img decoding=\"async\" loading=\"lazy\" class=\"alignleft size-full wp-image-1211\" src=\"http:\/\/fundacja.radiopodlasie.pl\/wp-content\/uploads\/2019\/10\/etno-polska.jpg\" alt=\"\" width=\"600\" height=\"100\" srcset=\"https:\/\/fundacja.radiopodlasie.pl\/wp-content\/uploads\/2019\/10\/etno-polska.jpg 600w, https:\/\/fundacja.radiopodlasie.pl\/wp-content\/uploads\/2019\/10\/etno-polska-300x50.jpg 300w\" sizes=\"(max-width: 600px) 100vw, 600px\" \/><\/a>\r\n\r\n","protected":false},"excerpt":{"rendered":"<p>\u201ePraca w zespole to prawdziwa przyjemno\u015b\u0107 i przygoda, kt\u00f3ra zawa\u017cy\u0142a na naszej artystycznej wra\u017cliwo\u015bci i ukszta\u0142towa\u0142a nasz styl \u017cycia\u201d \u2013 m\u00f3wi jedna z cz\u0142onki\u0144 Zespo\u0142u \u201eJarz\u0119bina\u201d. Tak w\u0142a\u015bnie zaczyna si\u0119 kolejny tekst, promuj\u0105cy projekt &#8222;Podlaskie muzykowanie 2019&#8221; w ramach programu EtnoPolska 2019. Tekst \u201eEtno Polska, czyli dlaczego warto?\u201d jest w\u0142a\u015bnie o tym, co daje uczestnictwo [&hellip;]<\/p>\n","protected":false},"author":1,"featured_media":1219,"comment_status":"closed","ping_status":"closed","sticky":false,"template":"","format":"standard","meta":{"ngg_post_thumbnail":0},"categories":[4],"tags":[32,46,47,48,49,44,37,50,51,52,53,40],"_links":{"self":[{"href":"https:\/\/fundacja.radiopodlasie.pl\/index.php?rest_route=\/wp\/v2\/posts\/1217"}],"collection":[{"href":"https:\/\/fundacja.radiopodlasie.pl\/index.php?rest_route=\/wp\/v2\/posts"}],"about":[{"href":"https:\/\/fundacja.radiopodlasie.pl\/index.php?rest_route=\/wp\/v2\/types\/post"}],"author":[{"embeddable":true,"href":"https:\/\/fundacja.radiopodlasie.pl\/index.php?rest_route=\/wp\/v2\/users\/1"}],"replies":[{"embeddable":true,"href":"https:\/\/fundacja.radiopodlasie.pl\/index.php?rest_route=%2Fwp%2Fv2%2Fcomments&post=1217"}],"version-history":[{"count":1,"href":"https:\/\/fundacja.radiopodlasie.pl\/index.php?rest_route=\/wp\/v2\/posts\/1217\/revisions"}],"predecessor-version":[{"id":1222,"href":"https:\/\/fundacja.radiopodlasie.pl\/index.php?rest_route=\/wp\/v2\/posts\/1217\/revisions\/1222"}],"wp:featuredmedia":[{"embeddable":true,"href":"https:\/\/fundacja.radiopodlasie.pl\/index.php?rest_route=\/wp\/v2\/media\/1219"}],"wp:attachment":[{"href":"https:\/\/fundacja.radiopodlasie.pl\/index.php?rest_route=%2Fwp%2Fv2%2Fmedia&parent=1217"}],"wp:term":[{"taxonomy":"category","embeddable":true,"href":"https:\/\/fundacja.radiopodlasie.pl\/index.php?rest_route=%2Fwp%2Fv2%2Fcategories&post=1217"},{"taxonomy":"post_tag","embeddable":true,"href":"https:\/\/fundacja.radiopodlasie.pl\/index.php?rest_route=%2Fwp%2Fv2%2Ftags&post=1217"}],"curies":[{"name":"wp","href":"https:\/\/api.w.org\/{rel}","templated":true}]}}