{"id":1223,"date":"2019-10-30T12:35:35","date_gmt":"2019-10-30T11:35:35","guid":{"rendered":"http:\/\/fundacja.radiopodlasie.pl\/?p=1223"},"modified":"2019-10-30T12:35:35","modified_gmt":"2019-10-30T11:35:35","slug":"etno-polska-wywiady-z-czlonkami-zespolow","status":"publish","type":"post","link":"https:\/\/fundacja.radiopodlasie.pl\/?p=1223","title":{"rendered":"Etno Polska &#8211; wywiady z cz\u0142onkami zespo\u0142\u00f3w"},"content":{"rendered":"\r\n\r\nCzas na kolejn\u0105 ods\u0142on\u0119 projektu &#8222;Podlaskie muzykowanie 2019&#8221; w ramach programu EtnoPolska 2019. Tym razem zach\u0119camy, aby\u015bcie nieco bli\u017cej poznali osoby, kt\u00f3re bra\u0142y udzia\u0142 w projekcie&#8230;\r\n\r\n<a href=\"http:\/\/fundacja.radiopodlasie.pl\/wp-content\/uploads\/2019\/10\/ludowanuta-pogranicze-0067-1024x683.jpg\"><img decoding=\"async\" loading=\"lazy\" class=\"alignleft size-full wp-image-1225\" src=\"http:\/\/fundacja.radiopodlasie.pl\/wp-content\/uploads\/2019\/10\/ludowanuta-pogranicze-0067-1024x683.jpg\" alt=\"\" width=\"1024\" height=\"683\" srcset=\"https:\/\/fundacja.radiopodlasie.pl\/wp-content\/uploads\/2019\/10\/ludowanuta-pogranicze-0067-1024x683.jpg 1024w, https:\/\/fundacja.radiopodlasie.pl\/wp-content\/uploads\/2019\/10\/ludowanuta-pogranicze-0067-1024x683-300x200.jpg 300w, https:\/\/fundacja.radiopodlasie.pl\/wp-content\/uploads\/2019\/10\/ludowanuta-pogranicze-0067-1024x683-768x512.jpg 768w\" sizes=\"(max-width: 1024px) 100vw, 1024px\" \/><\/a>\r\n\r\n \r\n\r\nW ramach projektu Etno Polska powsta\u0142y wywiady z cz\u0142onkami zespo\u0142\u00f3w \u015bpiewaczych. Ekipa, b\u0119d\u0105ca na planie zdj\u0119ciowym mia\u0142a okazj\u0119 pozna\u0107 wykonawc\u00f3w. Efektem rozm\u00f3w s\u0105 teksty w sekcji \u201eETNO TEMATY\u201d na stronie\r\n<a href=\"http:\/\/www.ludowanuta.pl\">http:\/\/www.ludowanuta.pl<\/a>\r\nPodlaskie muzykowanie 2019 \u2013 EtnoPolska2019\r\nludowanuta.pl\r\nJeden z nich \u2013 \u201eEtno Polska, czyli kto?\u201d pokazuje przekr\u00f3j wiekowy cz\u0142onk\u00f3w zespo\u0142\u00f3w, a tak\u017ce przedstawia ich profesje, pasje, czyli to, czym zajmuj\u0105 si\u0119 poza \u015bpiewaniem w zespo\u0142ach. A jak si\u0119 okazuje, bardzo wiele z tych os\u00f3b posiada bardzo rozwini\u0119te talenty, nie tylko muzyczne&#8230;\r\n\r\n \r\n\r\nProjekt EtnoPolska 2019 jest odpowiedzi\u0105 na potrzeb\u0119 spo\u0142eczno\u015bci lokalnych, dla kt\u00f3rych wa\u017cne jest dziedzictwo kulturowe Podlasia. Stanowi ono warto\u015b\u0107 niematerialn\u0105, kt\u00f3ra przekazywana jest przez osoby starsze m\u0142odszemu pokoleniu i okre\u015bla kultur\u0119 danego miejsca.\r\n\r\n \r\n\r\nCelem projektu jest aktywizacja spo\u0142eczno\u015bci lokalnych poprzez muzyk\u0119 ludow\u0105 i popularyzacja kultury ludowej, kt\u00f3ra tworzona jest przez lokalne wsp\u00f3lnoty.\r\n\r\n \r\n\r\nPoza tym zadaniem projektu jest integracja mi\u0119dzypokoleniowa spo\u0142eczno\u015bci, a tak\u017ce grup etnicznych przez wsp\u00f3lne uczestnictwo w projekcie.\r\n\r\n<a href=\"http:\/\/fundacja.radiopodlasie.pl\/wp-content\/uploads\/2019\/10\/ludowanuta-pogranicze-0008-1024x683.jpg\"><img decoding=\"async\" loading=\"lazy\" class=\"alignleft size-full wp-image-1224\" src=\"http:\/\/fundacja.radiopodlasie.pl\/wp-content\/uploads\/2019\/10\/ludowanuta-pogranicze-0008-1024x683.jpg\" alt=\"\" width=\"1024\" height=\"683\" srcset=\"https:\/\/fundacja.radiopodlasie.pl\/wp-content\/uploads\/2019\/10\/ludowanuta-pogranicze-0008-1024x683.jpg 1024w, https:\/\/fundacja.radiopodlasie.pl\/wp-content\/uploads\/2019\/10\/ludowanuta-pogranicze-0008-1024x683-300x200.jpg 300w, https:\/\/fundacja.radiopodlasie.pl\/wp-content\/uploads\/2019\/10\/ludowanuta-pogranicze-0008-1024x683-768x512.jpg 768w\" sizes=\"(max-width: 1024px) 100vw, 1024px\" \/><\/a>\r\n\r\n \r\n\r\nJednym z jego za\u0142o\u017ce\u0144 jest przybli\u017cenie tw\u00f3rczo\u015bci lokalnej, wzmocnienie ci\u0105g\u0142o\u015bci pokoleniowej, a tak\u017ce zarejestrowanie niematerialnego dziedzictwa kulturowego zespo\u0142\u00f3w \u015bpiewaczych.\r\n\r\n \r\n\r\nDla artyst\u00f3w \u2013 uczestnik\u00f3w projektu jest on okazj\u0105 do wyr\u00f3wnania szans dost\u0119pu do nowoczesnego obiegu kultury, a dla ich odbiorc\u00f3w szans\u0105 do wzbogacenia oferty adresowanej do nich o warto\u015bciowe zasoby.\r\n\r\n<a href=\"http:\/\/fundacja.radiopodlasie.pl\/wp-content\/uploads\/2019\/10\/etno-polska.jpg\"><img decoding=\"async\" loading=\"lazy\" class=\"alignleft size-full wp-image-1211\" src=\"http:\/\/fundacja.radiopodlasie.pl\/wp-content\/uploads\/2019\/10\/etno-polska.jpg\" alt=\"\" width=\"600\" height=\"100\" srcset=\"https:\/\/fundacja.radiopodlasie.pl\/wp-content\/uploads\/2019\/10\/etno-polska.jpg 600w, https:\/\/fundacja.radiopodlasie.pl\/wp-content\/uploads\/2019\/10\/etno-polska-300x50.jpg 300w\" sizes=\"(max-width: 600px) 100vw, 600px\" \/><\/a>\r\n\r\n","protected":false},"excerpt":{"rendered":"<p>Czas na kolejn\u0105 ods\u0142on\u0119 projektu &#8222;Podlaskie muzykowanie 2019&#8221; w ramach programu EtnoPolska 2019. Tym razem zach\u0119camy, aby\u015bcie nieco bli\u017cej poznali osoby, kt\u00f3re bra\u0142y udzia\u0142 w projekcie&#8230; W ramach projektu Etno Polska powsta\u0142y wywiady z cz\u0142onkami zespo\u0142\u00f3w \u015bpiewaczych. Ekipa, b\u0119d\u0105ca na planie zdj\u0119ciowym mia\u0142a okazj\u0119 pozna\u0107 wykonawc\u00f3w. Efektem rozm\u00f3w s\u0105 teksty w sekcji \u201eETNO TEMATY\u201d na [&hellip;]<\/p>\n","protected":false},"author":1,"featured_media":1226,"comment_status":"closed","ping_status":"closed","sticky":false,"template":"","format":"standard","meta":{"ngg_post_thumbnail":0},"categories":[4],"tags":[32,46,47,48,49,44,37,50,51,52,53,40],"_links":{"self":[{"href":"https:\/\/fundacja.radiopodlasie.pl\/index.php?rest_route=\/wp\/v2\/posts\/1223"}],"collection":[{"href":"https:\/\/fundacja.radiopodlasie.pl\/index.php?rest_route=\/wp\/v2\/posts"}],"about":[{"href":"https:\/\/fundacja.radiopodlasie.pl\/index.php?rest_route=\/wp\/v2\/types\/post"}],"author":[{"embeddable":true,"href":"https:\/\/fundacja.radiopodlasie.pl\/index.php?rest_route=\/wp\/v2\/users\/1"}],"replies":[{"embeddable":true,"href":"https:\/\/fundacja.radiopodlasie.pl\/index.php?rest_route=%2Fwp%2Fv2%2Fcomments&post=1223"}],"version-history":[{"count":1,"href":"https:\/\/fundacja.radiopodlasie.pl\/index.php?rest_route=\/wp\/v2\/posts\/1223\/revisions"}],"predecessor-version":[{"id":1227,"href":"https:\/\/fundacja.radiopodlasie.pl\/index.php?rest_route=\/wp\/v2\/posts\/1223\/revisions\/1227"}],"wp:featuredmedia":[{"embeddable":true,"href":"https:\/\/fundacja.radiopodlasie.pl\/index.php?rest_route=\/wp\/v2\/media\/1226"}],"wp:attachment":[{"href":"https:\/\/fundacja.radiopodlasie.pl\/index.php?rest_route=%2Fwp%2Fv2%2Fmedia&parent=1223"}],"wp:term":[{"taxonomy":"category","embeddable":true,"href":"https:\/\/fundacja.radiopodlasie.pl\/index.php?rest_route=%2Fwp%2Fv2%2Fcategories&post=1223"},{"taxonomy":"post_tag","embeddable":true,"href":"https:\/\/fundacja.radiopodlasie.pl\/index.php?rest_route=%2Fwp%2Fv2%2Ftags&post=1223"}],"curies":[{"name":"wp","href":"https:\/\/api.w.org\/{rel}","templated":true}]}}