{"id":1230,"date":"2019-10-30T13:50:22","date_gmt":"2019-10-30T12:50:22","guid":{"rendered":"http:\/\/fundacja.radiopodlasie.pl\/?p=1230"},"modified":"2019-10-30T13:51:18","modified_gmt":"2019-10-30T12:51:18","slug":"podlaskie-muzykowanie-2019-teledyski-gotowe","status":"publish","type":"post","link":"https:\/\/fundacja.radiopodlasie.pl\/?p=1230","title":{"rendered":"Podlaskie muzykowanie 2019 &#8211; teledyski gotowe!"},"content":{"rendered":"<p>Lasy, stodo\u0142a, przepi\u0119knie malowane domki z bajecznymi okiennicami, a nawet skatepark!<br \/>\nSceneria teledysk\u00f3w, kt\u00f3re zosta\u0142y nakr\u0119cone w ramach projektu Podlaskie muzykowanie 2019 by\u0142a bardzo r\u00f3\u017cna. Kr\u0119cili\u015bmy w miejscach, kt\u00f3re by\u0142y z jakiego\u015b powodu wa\u017cne dla zespo\u0142u, albo dla miasta\/wsi, z kt\u00f3rego pochodzi. I tak cz\u0142onkowie Szko\u0142y Aktywno\u015bci Spo\u0142ecznej w W\u0119growie zabrali nas na urocz\u0105 Sowi\u0105 G\u00f3r\u0119. \u201eCzy\u017cowianie\u201d pokazali domki jak z bajki w Czy\u017cach, a \u201eKalina\u201d Muzeum Rolnictwa w Ciechanowcu.<br \/>\nCiekawi Was jak wygl\u0105daj\u0105 nakr\u0119cone przez nas teledyski? Naprawd\u0119 warto je obejrze\u0107. S\u0105 r\u00f3\u017cnorodne, jak r\u00f3\u017cnorodne jest Podlasie i zespo\u0142y wywodz\u0105ce si\u0119 z niego.<br \/>\nOd kilku dni teledyski mo\u017cna ogl\u0105da\u0107 na antenie TVP Kultura. A my dzi\u015b prezentujemy je na naszej stronie <a href=\"http:\/\/ludowanuta.pl\">ludowanuta<\/a>. Jutro, do sze\u015bciu, kt\u00f3re ju\u017c mo\u017cecie ogl\u0105da\u0107, do\u0142\u0105czy ostatni.<\/p>\n<p>Projekt dofinansowano ze \u015brodk\u00f3w Narodowego Centrum Kultury w ramach programu EtnoPolska 2019.<a href=\"http:\/\/fundacja.radiopodlasie.pl\/wp-content\/uploads\/2019\/10\/etno-polska.jpg\"><img decoding=\"async\" loading=\"lazy\" class=\"alignleft size-full wp-image-1211\" src=\"http:\/\/fundacja.radiopodlasie.pl\/wp-content\/uploads\/2019\/10\/etno-polska.jpg\" alt=\"\" width=\"600\" height=\"100\" srcset=\"https:\/\/fundacja.radiopodlasie.pl\/wp-content\/uploads\/2019\/10\/etno-polska.jpg 600w, https:\/\/fundacja.radiopodlasie.pl\/wp-content\/uploads\/2019\/10\/etno-polska-300x50.jpg 300w\" sizes=\"(max-width: 600px) 100vw, 600px\" \/><\/a><\/p>\n\n\t\t<style type=\"text\/css\">\n\t\t\t#gallery-1 {\n\t\t\t\tmargin: auto;\n\t\t\t}\n\t\t\t#gallery-1 .gallery-item {\n\t\t\t\tfloat: left;\n\t\t\t\tmargin-top: 10px;\n\t\t\t\ttext-align: center;\n\t\t\t\twidth: 33%;\n\t\t\t}\n\t\t\t#gallery-1 img {\n\t\t\t\tborder: 2px solid #cfcfcf;\n\t\t\t}\n\t\t\t#gallery-1 .gallery-caption {\n\t\t\t\tmargin-left: 0;\n\t\t\t}\n\t\t\t\/* see gallery_shortcode() in wp-includes\/media.php *\/\n\t\t<\/style>\n\t\t<div id='gallery-1' class='gallery galleryid-1230 gallery-columns-3 gallery-size-thumbnail'><dl class='gallery-item'>\n\t\t\t<dt class='gallery-icon landscape'>\n\t\t\t\t<a href='https:\/\/fundacja.radiopodlasie.pl\/?attachment_id=1267'><img width=\"150\" height=\"150\" src=\"https:\/\/fundacja.radiopodlasie.pl\/wp-content\/uploads\/2019\/10\/DSC_0239-150x150.jpg\" class=\"attachment-thumbnail size-thumbnail\" alt=\"\" decoding=\"async\" loading=\"lazy\" srcset=\"https:\/\/fundacja.radiopodlasie.pl\/wp-content\/uploads\/2019\/10\/DSC_0239-150x150.jpg 150w, https:\/\/fundacja.radiopodlasie.pl\/wp-content\/uploads\/2019\/10\/DSC_0239-300x300.jpg 300w, https:\/\/fundacja.radiopodlasie.pl\/wp-content\/uploads\/2019\/10\/DSC_0239-50x50.jpg 50w\" sizes=\"(max-width: 150px) 100vw, 150px\" \/><\/a>\n\t\t\t<\/dt><\/dl><dl class='gallery-item'>\n\t\t\t<dt class='gallery-icon landscape'>\n\t\t\t\t<a href='https:\/\/fundacja.radiopodlasie.pl\/?attachment_id=1268'><img width=\"150\" height=\"150\" src=\"https:\/\/fundacja.radiopodlasie.pl\/wp-content\/uploads\/2019\/10\/DSC_0294-150x150.jpg\" class=\"attachment-thumbnail size-thumbnail\" alt=\"\" decoding=\"async\" loading=\"lazy\" srcset=\"https:\/\/fundacja.radiopodlasie.pl\/wp-content\/uploads\/2019\/10\/DSC_0294-150x150.jpg 150w, https:\/\/fundacja.radiopodlasie.pl\/wp-content\/uploads\/2019\/10\/DSC_0294-300x300.jpg 300w, https:\/\/fundacja.radiopodlasie.pl\/wp-content\/uploads\/2019\/10\/DSC_0294-50x50.jpg 50w\" sizes=\"(max-width: 150px) 100vw, 150px\" \/><\/a>\n\t\t\t<\/dt><\/dl><dl class='gallery-item'>\n\t\t\t<dt class='gallery-icon landscape'>\n\t\t\t\t<a href='https:\/\/fundacja.radiopodlasie.pl\/?attachment_id=1269'><img width=\"150\" height=\"150\" src=\"https:\/\/fundacja.radiopodlasie.pl\/wp-content\/uploads\/2019\/10\/DSC_0380-150x150.jpg\" class=\"attachment-thumbnail size-thumbnail\" alt=\"\" decoding=\"async\" loading=\"lazy\" srcset=\"https:\/\/fundacja.radiopodlasie.pl\/wp-content\/uploads\/2019\/10\/DSC_0380-150x150.jpg 150w, https:\/\/fundacja.radiopodlasie.pl\/wp-content\/uploads\/2019\/10\/DSC_0380-300x300.jpg 300w, https:\/\/fundacja.radiopodlasie.pl\/wp-content\/uploads\/2019\/10\/DSC_0380-50x50.jpg 50w\" sizes=\"(max-width: 150px) 100vw, 150px\" \/><\/a>\n\t\t\t<\/dt><\/dl><br style=\"clear: both\" \/><dl class='gallery-item'>\n\t\t\t<dt class='gallery-icon landscape'>\n\t\t\t\t<a href='https:\/\/fundacja.radiopodlasie.pl\/?attachment_id=1270'><img width=\"150\" height=\"150\" src=\"https:\/\/fundacja.radiopodlasie.pl\/wp-content\/uploads\/2019\/10\/DSC_0420-150x150.jpg\" class=\"attachment-thumbnail size-thumbnail\" alt=\"\" decoding=\"async\" loading=\"lazy\" srcset=\"https:\/\/fundacja.radiopodlasie.pl\/wp-content\/uploads\/2019\/10\/DSC_0420-150x150.jpg 150w, https:\/\/fundacja.radiopodlasie.pl\/wp-content\/uploads\/2019\/10\/DSC_0420-300x300.jpg 300w, https:\/\/fundacja.radiopodlasie.pl\/wp-content\/uploads\/2019\/10\/DSC_0420-50x50.jpg 50w\" sizes=\"(max-width: 150px) 100vw, 150px\" \/><\/a>\n\t\t\t<\/dt><\/dl><dl class='gallery-item'>\n\t\t\t<dt class='gallery-icon landscape'>\n\t\t\t\t<a href='https:\/\/fundacja.radiopodlasie.pl\/?attachment_id=1271'><img width=\"150\" height=\"150\" src=\"https:\/\/fundacja.radiopodlasie.pl\/wp-content\/uploads\/2019\/10\/DSC_0513-150x150.jpg\" class=\"attachment-thumbnail size-thumbnail\" alt=\"\" decoding=\"async\" loading=\"lazy\" srcset=\"https:\/\/fundacja.radiopodlasie.pl\/wp-content\/uploads\/2019\/10\/DSC_0513-150x150.jpg 150w, https:\/\/fundacja.radiopodlasie.pl\/wp-content\/uploads\/2019\/10\/DSC_0513-300x300.jpg 300w, https:\/\/fundacja.radiopodlasie.pl\/wp-content\/uploads\/2019\/10\/DSC_0513-50x50.jpg 50w\" sizes=\"(max-width: 150px) 100vw, 150px\" \/><\/a>\n\t\t\t<\/dt><\/dl><dl class='gallery-item'>\n\t\t\t<dt class='gallery-icon landscape'>\n\t\t\t\t<a href='https:\/\/fundacja.radiopodlasie.pl\/?attachment_id=1272'><img width=\"150\" height=\"150\" src=\"https:\/\/fundacja.radiopodlasie.pl\/wp-content\/uploads\/2019\/10\/DSC_0554-150x150.jpg\" class=\"attachment-thumbnail size-thumbnail\" alt=\"\" decoding=\"async\" loading=\"lazy\" srcset=\"https:\/\/fundacja.radiopodlasie.pl\/wp-content\/uploads\/2019\/10\/DSC_0554-150x150.jpg 150w, https:\/\/fundacja.radiopodlasie.pl\/wp-content\/uploads\/2019\/10\/DSC_0554-300x300.jpg 300w, https:\/\/fundacja.radiopodlasie.pl\/wp-content\/uploads\/2019\/10\/DSC_0554-50x50.jpg 50w\" sizes=\"(max-width: 150px) 100vw, 150px\" \/><\/a>\n\t\t\t<\/dt><\/dl><br style=\"clear: both\" \/><dl class='gallery-item'>\n\t\t\t<dt class='gallery-icon landscape'>\n\t\t\t\t<a href='https:\/\/fundacja.radiopodlasie.pl\/?attachment_id=1273'><img width=\"150\" height=\"150\" src=\"https:\/\/fundacja.radiopodlasie.pl\/wp-content\/uploads\/2019\/10\/DSC_0566-150x150.jpg\" class=\"attachment-thumbnail size-thumbnail\" alt=\"\" decoding=\"async\" loading=\"lazy\" srcset=\"https:\/\/fundacja.radiopodlasie.pl\/wp-content\/uploads\/2019\/10\/DSC_0566-150x150.jpg 150w, https:\/\/fundacja.radiopodlasie.pl\/wp-content\/uploads\/2019\/10\/DSC_0566-300x300.jpg 300w, https:\/\/fundacja.radiopodlasie.pl\/wp-content\/uploads\/2019\/10\/DSC_0566-50x50.jpg 50w\" sizes=\"(max-width: 150px) 100vw, 150px\" \/><\/a>\n\t\t\t<\/dt><\/dl><dl class='gallery-item'>\n\t\t\t<dt class='gallery-icon landscape'>\n\t\t\t\t<a href='https:\/\/fundacja.radiopodlasie.pl\/?attachment_id=1274'><img width=\"150\" height=\"150\" src=\"https:\/\/fundacja.radiopodlasie.pl\/wp-content\/uploads\/2019\/10\/ludowanuta-pogranicze-0003-150x150.jpg\" class=\"attachment-thumbnail size-thumbnail\" alt=\"\" decoding=\"async\" loading=\"lazy\" srcset=\"https:\/\/fundacja.radiopodlasie.pl\/wp-content\/uploads\/2019\/10\/ludowanuta-pogranicze-0003-150x150.jpg 150w, https:\/\/fundacja.radiopodlasie.pl\/wp-content\/uploads\/2019\/10\/ludowanuta-pogranicze-0003-300x300.jpg 300w, https:\/\/fundacja.radiopodlasie.pl\/wp-content\/uploads\/2019\/10\/ludowanuta-pogranicze-0003-50x50.jpg 50w\" sizes=\"(max-width: 150px) 100vw, 150px\" \/><\/a>\n\t\t\t<\/dt><\/dl><dl class='gallery-item'>\n\t\t\t<dt class='gallery-icon landscape'>\n\t\t\t\t<a href='https:\/\/fundacja.radiopodlasie.pl\/?attachment_id=1275'><img width=\"150\" height=\"150\" src=\"https:\/\/fundacja.radiopodlasie.pl\/wp-content\/uploads\/2019\/10\/ludowanuta-pogranicze-0038-Kopia-150x150.jpg\" class=\"attachment-thumbnail size-thumbnail\" alt=\"\" decoding=\"async\" loading=\"lazy\" srcset=\"https:\/\/fundacja.radiopodlasie.pl\/wp-content\/uploads\/2019\/10\/ludowanuta-pogranicze-0038-Kopia-150x150.jpg 150w, https:\/\/fundacja.radiopodlasie.pl\/wp-content\/uploads\/2019\/10\/ludowanuta-pogranicze-0038-Kopia-300x300.jpg 300w, https:\/\/fundacja.radiopodlasie.pl\/wp-content\/uploads\/2019\/10\/ludowanuta-pogranicze-0038-Kopia-50x50.jpg 50w\" sizes=\"(max-width: 150px) 100vw, 150px\" \/><\/a>\n\t\t\t<\/dt><\/dl><br style=\"clear: both\" \/><dl class='gallery-item'>\n\t\t\t<dt class='gallery-icon landscape'>\n\t\t\t\t<a href='https:\/\/fundacja.radiopodlasie.pl\/?attachment_id=1276'><img width=\"150\" height=\"150\" src=\"https:\/\/fundacja.radiopodlasie.pl\/wp-content\/uploads\/2019\/10\/ludowanuta-pogranicze-0038-150x150.jpg\" class=\"attachment-thumbnail size-thumbnail\" alt=\"\" decoding=\"async\" loading=\"lazy\" srcset=\"https:\/\/fundacja.radiopodlasie.pl\/wp-content\/uploads\/2019\/10\/ludowanuta-pogranicze-0038-150x150.jpg 150w, https:\/\/fundacja.radiopodlasie.pl\/wp-content\/uploads\/2019\/10\/ludowanuta-pogranicze-0038-300x300.jpg 300w, https:\/\/fundacja.radiopodlasie.pl\/wp-content\/uploads\/2019\/10\/ludowanuta-pogranicze-0038-50x50.jpg 50w\" sizes=\"(max-width: 150px) 100vw, 150px\" \/><\/a>\n\t\t\t<\/dt><\/dl><dl class='gallery-item'>\n\t\t\t<dt class='gallery-icon landscape'>\n\t\t\t\t<a href='https:\/\/fundacja.radiopodlasie.pl\/?attachment_id=1277'><img width=\"150\" height=\"150\" src=\"https:\/\/fundacja.radiopodlasie.pl\/wp-content\/uploads\/2019\/10\/ludowanuta-riabina-0050-Kopia-150x150.jpg\" class=\"attachment-thumbnail size-thumbnail\" alt=\"\" decoding=\"async\" loading=\"lazy\" srcset=\"https:\/\/fundacja.radiopodlasie.pl\/wp-content\/uploads\/2019\/10\/ludowanuta-riabina-0050-Kopia-150x150.jpg 150w, https:\/\/fundacja.radiopodlasie.pl\/wp-content\/uploads\/2019\/10\/ludowanuta-riabina-0050-Kopia-300x300.jpg 300w, https:\/\/fundacja.radiopodlasie.pl\/wp-content\/uploads\/2019\/10\/ludowanuta-riabina-0050-Kopia-50x50.jpg 50w\" sizes=\"(max-width: 150px) 100vw, 150px\" \/><\/a>\n\t\t\t<\/dt><\/dl><dl class='gallery-item'>\n\t\t\t<dt class='gallery-icon landscape'>\n\t\t\t\t<a href='https:\/\/fundacja.radiopodlasie.pl\/?attachment_id=1278'><img width=\"150\" height=\"150\" src=\"https:\/\/fundacja.radiopodlasie.pl\/wp-content\/uploads\/2019\/10\/ludowanuta-riabina-0089-Kopia-150x150.jpg\" class=\"attachment-thumbnail size-thumbnail\" alt=\"\" decoding=\"async\" loading=\"lazy\" srcset=\"https:\/\/fundacja.radiopodlasie.pl\/wp-content\/uploads\/2019\/10\/ludowanuta-riabina-0089-Kopia-150x150.jpg 150w, https:\/\/fundacja.radiopodlasie.pl\/wp-content\/uploads\/2019\/10\/ludowanuta-riabina-0089-Kopia-300x300.jpg 300w, https:\/\/fundacja.radiopodlasie.pl\/wp-content\/uploads\/2019\/10\/ludowanuta-riabina-0089-Kopia-50x50.jpg 50w\" sizes=\"(max-width: 150px) 100vw, 150px\" \/><\/a>\n\t\t\t<\/dt><\/dl><br style=\"clear: both\" \/>\n\t\t<\/div>\n\n","protected":false},"excerpt":{"rendered":"<p>Lasy, stodo\u0142a, przepi\u0119knie malowane domki z bajecznymi okiennicami, a nawet skatepark! Sceneria teledysk\u00f3w, kt\u00f3re zosta\u0142y nakr\u0119cone w ramach projektu Podlaskie muzykowanie 2019 by\u0142a bardzo r\u00f3\u017cna. Kr\u0119cili\u015bmy w miejscach, kt\u00f3re by\u0142y z jakiego\u015b powodu wa\u017cne dla zespo\u0142u, albo dla miasta\/wsi, z kt\u00f3rego pochodzi. I tak cz\u0142onkowie Szko\u0142y Aktywno\u015bci Spo\u0142ecznej w W\u0119growie zabrali nas na urocz\u0105 Sowi\u0105 [&hellip;]<\/p>\n","protected":false},"author":1,"featured_media":1272,"comment_status":"closed","ping_status":"closed","sticky":false,"template":"","format":"standard","meta":{"ngg_post_thumbnail":0},"categories":[1],"tags":[],"_links":{"self":[{"href":"https:\/\/fundacja.radiopodlasie.pl\/index.php?rest_route=\/wp\/v2\/posts\/1230"}],"collection":[{"href":"https:\/\/fundacja.radiopodlasie.pl\/index.php?rest_route=\/wp\/v2\/posts"}],"about":[{"href":"https:\/\/fundacja.radiopodlasie.pl\/index.php?rest_route=\/wp\/v2\/types\/post"}],"author":[{"embeddable":true,"href":"https:\/\/fundacja.radiopodlasie.pl\/index.php?rest_route=\/wp\/v2\/users\/1"}],"replies":[{"embeddable":true,"href":"https:\/\/fundacja.radiopodlasie.pl\/index.php?rest_route=%2Fwp%2Fv2%2Fcomments&post=1230"}],"version-history":[{"count":2,"href":"https:\/\/fundacja.radiopodlasie.pl\/index.php?rest_route=\/wp\/v2\/posts\/1230\/revisions"}],"predecessor-version":[{"id":1280,"href":"https:\/\/fundacja.radiopodlasie.pl\/index.php?rest_route=\/wp\/v2\/posts\/1230\/revisions\/1280"}],"wp:featuredmedia":[{"embeddable":true,"href":"https:\/\/fundacja.radiopodlasie.pl\/index.php?rest_route=\/wp\/v2\/media\/1272"}],"wp:attachment":[{"href":"https:\/\/fundacja.radiopodlasie.pl\/index.php?rest_route=%2Fwp%2Fv2%2Fmedia&parent=1230"}],"wp:term":[{"taxonomy":"category","embeddable":true,"href":"https:\/\/fundacja.radiopodlasie.pl\/index.php?rest_route=%2Fwp%2Fv2%2Fcategories&post=1230"},{"taxonomy":"post_tag","embeddable":true,"href":"https:\/\/fundacja.radiopodlasie.pl\/index.php?rest_route=%2Fwp%2Fv2%2Ftags&post=1230"}],"curies":[{"name":"wp","href":"https:\/\/api.w.org\/{rel}","templated":true}]}}