{"id":131,"date":"2012-06-14T13:23:16","date_gmt":"2012-06-14T11:23:16","guid":{"rendered":"http:\/\/fundacja.radiopodlasie.pl\/?p=131"},"modified":"2013-11-22T18:05:47","modified_gmt":"2013-11-22T17:05:47","slug":"20-lecia-katolickiego-radia-podlasie-patronat","status":"publish","type":"post","link":"https:\/\/fundacja.radiopodlasie.pl\/?p=131","title":{"rendered":"20 \u2013 lecia Katolickiego Radia Podlasie &#8211; Gala"},"content":{"rendered":"<p>Patronat nad obchodami Jubileuszu 20 \u2013 lecia Katolickiego Radia Podlasie &#8211; 14 czerwca 2012 r. \u2013 Gala Jubileuszowa w CKiS z udzia\u0142em obecnych i by\u0142ych pracownik\u00f3w oraz przyjaci\u00f3\u0142 i sympatyk\u00f3w Radia Podlasie.<\/p>\n<p><a href=\"http:\/\/www.podlasie24.pl\/wiadomosci\/diec.-siedlecka\/jubileuszowa-gala-z-okazji-20-lecia-katolickiego-radia-podlasie-aa54.html\">zobacz<\/a><\/p>\n<p>&nbsp;<\/p>\n","protected":false},"excerpt":{"rendered":"<p>Patronat nad obchodami Jubileuszu 20 \u2013 lecia Katolickiego Radia Podlasie &#8211; 14 czerwca 2012 r. \u2013 Gala Jubileuszowa w CKiS z udzia\u0142em obecnych i by\u0142ych pracownik\u00f3w oraz przyjaci\u00f3\u0142 i sympatyk\u00f3w Radia Podlasie. zobacz &nbsp;<\/p>\n","protected":false},"author":1,"featured_media":132,"comment_status":"closed","ping_status":"open","sticky":false,"template":"","format":"standard","meta":{"ngg_post_thumbnail":0},"categories":[1],"tags":[],"_links":{"self":[{"href":"https:\/\/fundacja.radiopodlasie.pl\/index.php?rest_route=\/wp\/v2\/posts\/131"}],"collection":[{"href":"https:\/\/fundacja.radiopodlasie.pl\/index.php?rest_route=\/wp\/v2\/posts"}],"about":[{"href":"https:\/\/fundacja.radiopodlasie.pl\/index.php?rest_route=\/wp\/v2\/types\/post"}],"author":[{"embeddable":true,"href":"https:\/\/fundacja.radiopodlasie.pl\/index.php?rest_route=\/wp\/v2\/users\/1"}],"replies":[{"embeddable":true,"href":"https:\/\/fundacja.radiopodlasie.pl\/index.php?rest_route=%2Fwp%2Fv2%2Fcomments&post=131"}],"version-history":[{"count":3,"href":"https:\/\/fundacja.radiopodlasie.pl\/index.php?rest_route=\/wp\/v2\/posts\/131\/revisions"}],"predecessor-version":[{"id":194,"href":"https:\/\/fundacja.radiopodlasie.pl\/index.php?rest_route=\/wp\/v2\/posts\/131\/revisions\/194"}],"wp:featuredmedia":[{"embeddable":true,"href":"https:\/\/fundacja.radiopodlasie.pl\/index.php?rest_route=\/wp\/v2\/media\/132"}],"wp:attachment":[{"href":"https:\/\/fundacja.radiopodlasie.pl\/index.php?rest_route=%2Fwp%2Fv2%2Fmedia&parent=131"}],"wp:term":[{"taxonomy":"category","embeddable":true,"href":"https:\/\/fundacja.radiopodlasie.pl\/index.php?rest_route=%2Fwp%2Fv2%2Fcategories&post=131"},{"taxonomy":"post_tag","embeddable":true,"href":"https:\/\/fundacja.radiopodlasie.pl\/index.php?rest_route=%2Fwp%2Fv2%2Ftags&post=131"}],"curies":[{"name":"wp","href":"https:\/\/api.w.org\/{rel}","templated":true}]}}