{"id":1343,"date":"2019-11-22T13:27:21","date_gmt":"2019-11-22T12:27:21","guid":{"rendered":"http:\/\/fundacja.radiopodlasie.pl\/?p=1343"},"modified":"2020-01-23T09:44:38","modified_gmt":"2020-01-23T08:44:38","slug":"desenie-losu-czyli-opowiesci-o-gustawie-herlingu-grudzinskim","status":"publish","type":"post","link":"https:\/\/fundacja.radiopodlasie.pl\/?p=1343","title":{"rendered":"DESENIE LOSU czyli Opowie\u015bci o Gustawie Herlingu-Grudzi\u0144skim"},"content":{"rendered":"<p>Jeden z najwybitniejszych pisarzy polskich XX wieku. Mia\u0142 odwag\u0119 pisa\u0107<br \/>\no totalitaryzmie, instrumentalizacji \u017cycia, cz\u0142owiecze\u0144stwie, cierpieniu. Rok 2019 przez Sejm RP zosta\u0142 ustanowiony jego rokiem, \u201ew uznaniu s\u0142owa i czynu wielkiego pisarza\u201d. Mowa<br \/>\no Gustawie Herlingu-Grudzi\u0144skim.<\/p>\n<p>Wielu z nas czyta\u0142o \u201eInny \u015awiat\u201d. Ale czy wiemy co\u015b wi\u0119cej na temat tego wybitnego pisarza? Czy znamy jego biografi\u0119? Czy kojarzymy inne jego dzie\u0142a?<\/p>\n<p>Aby przybli\u017cy\u0107 posta\u0107 i tw\u00f3rczo\u015b\u0107 pisarza, ukaza\u0107 wp\u0142yw, jaki mia\u0142y jego dzie\u0142a na Polak\u00f3w powsta\u0142 projekt \u201eDesenie losu, czyli opowie\u015bci o Gustawie Herlingu-Grudzi\u0144skim\u201d, kt\u00f3ry realizuje Fundacja Podlaskie Centrum Radiowe i \u201eAmicus Media\u201d. &nbsp;<\/p>\n<p>Realizacja projektu polega\u0142a na stworzeniu pi\u0119ciu program\u00f3w telewizyjnych na temat wybranych, najistotniejszych zagadnie\u0144 zwi\u0105zanych z postaci\u0105 Gustawa Herlinga-Grudzi\u0144skiego. Programy obejmuj\u0105 wypowiedzi ekspert\u00f3w na temat tw\u00f3rczo\u015bci pisarza,<br \/>\na tak\u017ce sondy, w kt\u00f3rych wypowiadaj\u0105 si\u0119 odbiorcy jego tw\u00f3rczo\u015bci. Zaanga\u017cowani zostali r\u00f3wnie\u017c profesjonalni aktorzy, kt\u00f3rych rol\u0105 by\u0142o czytanie fragment\u00f3w tekst\u00f3w Herlinga-Grudzi\u0144skiego.<\/p>\n<p>Efekt pracy nad projektem ogl\u0105da\u0107 mo\u017cemy ju\u017c dzi\u015b, wchodz\u0105c na stron\u0119 internetow\u0105 gustaw-herling-grudzinski.pl, odwiedzaj\u0105c profil na Facebooku: <a href=\"http:\/\/www.facebook.com\/ghgrudzinski\">www.facebook.com\/ghgrudzinski<\/a> czy Snapchata: Gustaw Herling-Grudzi\u0144ski.<\/p>\n<p>Zach\u0119camy Pa\u0144stwa do zapoznania si\u0119 ze zgromadzonym materia\u0142em. Warto uzupe\u0142ni\u0107 swoj\u0105 wiedz\u0119 na temat tak wybitnej postaci, jak\u0105 by\u0142 niew\u0105tpliwie Gustaw Herling-Grudzi\u0144ski.<\/p>\n<p>ZAPRASZAMY NA:<\/p>\n<h1 class=\"site-title\" style=\"text-align: center;\"><a href=\"http:\/\/gustaw-herling-grudzinski.pl\/\" rel=\"home\">DESENIE LOSU czyli Opowie\u015bci o Gustawie Herlingu-Grudzi\u0144skim<\/a><\/h1>\n<p><em>&nbsp;<\/em><\/p>\n<p>&nbsp;<a href=\"http:\/\/fundacja.radiopodlasie.pl\/wp-content\/uploads\/2019\/11\/stopka-grudzinski.png\"><img decoding=\"async\" loading=\"lazy\" class=\"size-full wp-image-1345 aligncenter\" src=\"http:\/\/fundacja.radiopodlasie.pl\/wp-content\/uploads\/2019\/11\/stopka-grudzinski.png\" alt=\"\" width=\"1200\" height=\"100\" srcset=\"https:\/\/fundacja.radiopodlasie.pl\/wp-content\/uploads\/2019\/11\/stopka-grudzinski.png 1200w, https:\/\/fundacja.radiopodlasie.pl\/wp-content\/uploads\/2019\/11\/stopka-grudzinski-300x25.png 300w, https:\/\/fundacja.radiopodlasie.pl\/wp-content\/uploads\/2019\/11\/stopka-grudzinski-768x64.png 768w, https:\/\/fundacja.radiopodlasie.pl\/wp-content\/uploads\/2019\/11\/stopka-grudzinski-1024x85.png 1024w\" sizes=\"(max-width: 1200px) 100vw, 1200px\" \/><\/a><\/p>\n","protected":false},"excerpt":{"rendered":"<p>Jeden z najwybitniejszych pisarzy polskich XX wieku. Mia\u0142 odwag\u0119 pisa\u0107 o totalitaryzmie, instrumentalizacji \u017cycia, cz\u0142owiecze\u0144stwie, cierpieniu. Rok 2019 przez Sejm RP zosta\u0142 ustanowiony jego rokiem, \u201ew uznaniu s\u0142owa i czynu wielkiego pisarza\u201d. Mowa o Gustawie Herlingu-Grudzi\u0144skim. Wielu z nas czyta\u0142o \u201eInny \u015awiat\u201d. Ale czy wiemy co\u015b wi\u0119cej na temat tego wybitnego pisarza? Czy znamy jego [&hellip;]<\/p>\n","protected":false},"author":1,"featured_media":1344,"comment_status":"closed","ping_status":"closed","sticky":false,"template":"","format":"standard","meta":{"ngg_post_thumbnail":0},"categories":[4],"tags":[],"_links":{"self":[{"href":"https:\/\/fundacja.radiopodlasie.pl\/index.php?rest_route=\/wp\/v2\/posts\/1343"}],"collection":[{"href":"https:\/\/fundacja.radiopodlasie.pl\/index.php?rest_route=\/wp\/v2\/posts"}],"about":[{"href":"https:\/\/fundacja.radiopodlasie.pl\/index.php?rest_route=\/wp\/v2\/types\/post"}],"author":[{"embeddable":true,"href":"https:\/\/fundacja.radiopodlasie.pl\/index.php?rest_route=\/wp\/v2\/users\/1"}],"replies":[{"embeddable":true,"href":"https:\/\/fundacja.radiopodlasie.pl\/index.php?rest_route=%2Fwp%2Fv2%2Fcomments&post=1343"}],"version-history":[{"count":3,"href":"https:\/\/fundacja.radiopodlasie.pl\/index.php?rest_route=\/wp\/v2\/posts\/1343\/revisions"}],"predecessor-version":[{"id":1373,"href":"https:\/\/fundacja.radiopodlasie.pl\/index.php?rest_route=\/wp\/v2\/posts\/1343\/revisions\/1373"}],"wp:featuredmedia":[{"embeddable":true,"href":"https:\/\/fundacja.radiopodlasie.pl\/index.php?rest_route=\/wp\/v2\/media\/1344"}],"wp:attachment":[{"href":"https:\/\/fundacja.radiopodlasie.pl\/index.php?rest_route=%2Fwp%2Fv2%2Fmedia&parent=1343"}],"wp:term":[{"taxonomy":"category","embeddable":true,"href":"https:\/\/fundacja.radiopodlasie.pl\/index.php?rest_route=%2Fwp%2Fv2%2Fcategories&post=1343"},{"taxonomy":"post_tag","embeddable":true,"href":"https:\/\/fundacja.radiopodlasie.pl\/index.php?rest_route=%2Fwp%2Fv2%2Ftags&post=1343"}],"curies":[{"name":"wp","href":"https:\/\/api.w.org\/{rel}","templated":true}]}}