{"id":135,"date":"2012-06-03T13:28:58","date_gmt":"2012-06-03T11:28:58","guid":{"rendered":"http:\/\/fundacja.radiopodlasie.pl\/?p=135"},"modified":"2013-11-22T17:40:35","modified_gmt":"2013-11-22T16:40:35","slug":"rodzinne-festyny-radiowe","status":"publish","type":"post","link":"https:\/\/fundacja.radiopodlasie.pl\/?p=135","title":{"rendered":"Festyn Katolickiego Radia Podlasie &#8211; Mi\u0119dzyrzec Podl"},"content":{"rendered":"<p>Patronat i wsp\u00f3\u0142organizacja Festynu Radiowego w Mi\u0119dzyrzecu Podlaskim, podczas kt\u00f3rych przygotowano wiele atrakcji, m.in.: koncerty, pokazy, gry i zabawy oraz konkursy z ciekawymi nagrodami.<\/p>\n<p><a href=\"http:\/\/www.podlasie24.pl\/wiadomosci\/miedzyrzec-podlaski\/festyn-radiowy-i-miejski-w-miedzyrzecu-podlaskim-a84b.html\">Zobacz<\/p>\n<p><\/a><\/p>\n","protected":false},"excerpt":{"rendered":"<p>Patronat i wsp\u00f3\u0142organizacja Festynu Radiowego w Mi\u0119dzyrzecu Podlaskim, podczas kt\u00f3rych przygotowano wiele atrakcji, m.in.: koncerty, pokazy, gry i zabawy oraz konkursy z ciekawymi nagrodami. Zobacz<\/p>\n","protected":false},"author":1,"featured_media":136,"comment_status":"closed","ping_status":"open","sticky":false,"template":"","format":"standard","meta":{"ngg_post_thumbnail":0},"categories":[1],"tags":[],"_links":{"self":[{"href":"https:\/\/fundacja.radiopodlasie.pl\/index.php?rest_route=\/wp\/v2\/posts\/135"}],"collection":[{"href":"https:\/\/fundacja.radiopodlasie.pl\/index.php?rest_route=\/wp\/v2\/posts"}],"about":[{"href":"https:\/\/fundacja.radiopodlasie.pl\/index.php?rest_route=\/wp\/v2\/types\/post"}],"author":[{"embeddable":true,"href":"https:\/\/fundacja.radiopodlasie.pl\/index.php?rest_route=\/wp\/v2\/users\/1"}],"replies":[{"embeddable":true,"href":"https:\/\/fundacja.radiopodlasie.pl\/index.php?rest_route=%2Fwp%2Fv2%2Fcomments&post=135"}],"version-history":[{"count":5,"href":"https:\/\/fundacja.radiopodlasie.pl\/index.php?rest_route=\/wp\/v2\/posts\/135\/revisions"}],"predecessor-version":[{"id":140,"href":"https:\/\/fundacja.radiopodlasie.pl\/index.php?rest_route=\/wp\/v2\/posts\/135\/revisions\/140"}],"wp:featuredmedia":[{"embeddable":true,"href":"https:\/\/fundacja.radiopodlasie.pl\/index.php?rest_route=\/wp\/v2\/media\/136"}],"wp:attachment":[{"href":"https:\/\/fundacja.radiopodlasie.pl\/index.php?rest_route=%2Fwp%2Fv2%2Fmedia&parent=135"}],"wp:term":[{"taxonomy":"category","embeddable":true,"href":"https:\/\/fundacja.radiopodlasie.pl\/index.php?rest_route=%2Fwp%2Fv2%2Fcategories&post=135"},{"taxonomy":"post_tag","embeddable":true,"href":"https:\/\/fundacja.radiopodlasie.pl\/index.php?rest_route=%2Fwp%2Fv2%2Ftags&post=135"}],"curies":[{"name":"wp","href":"https:\/\/api.w.org\/{rel}","templated":true}]}}