{"id":1362,"date":"2019-12-30T15:41:05","date_gmt":"2019-12-30T14:41:05","guid":{"rendered":"http:\/\/fundacja.radiopodlasie.pl\/?p=1362"},"modified":"2019-12-30T15:46:53","modified_gmt":"2019-12-30T14:46:53","slug":"uwolnieni-2","status":"publish","type":"post","link":"https:\/\/fundacja.radiopodlasie.pl\/?p=1362","title":{"rendered":"Uwolnieni\u2026"},"content":{"rendered":"<p><strong>&nbsp;<\/strong><\/p>\n<p>Z danych NIK wynika, \u017ce ponad 30% by\u0142ych wychowank\u00f3w M\u0142odzie\u017cowych O\u015brodk\u00f3w Wychowawczych wchodzi w konflikt z prawem ju\u017c nied\u0142ugo po opuszczeniu o\u015brodka, przy czym po 5 latach od jego opuszczenia i samodzielnego \u017cycia niekorzystna sytuacja pog\u0142\u0119bia si\u0119 i a\u017c 60% wychowank\u00f3w MOW wchodzi na drog\u0119 przest\u0119pcz\u0105.<\/p>\n<p>Fundacja Podlaskie Centrum Radiowe i \u201eAmicus Media\u201d przy wsp\u00f3\u0142pracy<br \/>\nz Fundacj\u0105 \u201eS\u0142awek\u201d realizowa\u0142a projekt <strong>\u201eUwolnieni 2019\u201d, b\u0119d\u0105cy kontynuacj\u0105 ubieg\u0142orocznego projektu pod t\u0105 sam\u0105 nazw\u0105. Jego za\u0142o\u017ceniem jest dotarcie do &nbsp;<\/strong>osadzonych<br \/>\nw Zak\u0142adach Karnych<strong>, wychowank\u00f3w MOW-\u00f3w i uczni\u00f3w szk\u00f3\u0142 \u015brednich, zlokalizowanych na terenach o podwy\u017cszonym zagro\u017ceniu przest\u0119pczo\u015bci\u0105.<\/strong><\/p>\n<p>Celem projektu \u201e<a href=\"http:\/\/uwolnieni.edu.pl\/\">Uwolnieni 2019<\/a>\u201d jest przeciwdzia\u0142anie zachowaniom przest\u0119pczym, profilaktyka uzale\u017cnie\u0144 i promocja zdrowego stylu \u017cycia.<\/p>\n<p>Jego realizacja prowadzona by\u0142a na kilku p\u0142aszczyznach. Przeprowadzone i nagrane zosta\u0142y wywiady z by\u0142ymi przest\u0119pcami, ich bliskimi oraz ekspertami z zakresu resocjalizacji. Nast\u0119pnie stworzono dokument o m\u0142odzie\u017cy skonfliktowanej z prawem. Film by\u0142 emitowany w 30 plac\u00f3wkach podczas spotka\u0144 edukacyjnych z udzia\u0142em bohater\u00f3w tego dokumentu. Kolejnym elementem spotka\u0144 by\u0142a dyskusja, podczas kt\u00f3rej poruszano zagadnienia takie jak zapobieganie agresji i przest\u0119pczo\u015bci czy uzale\u017cnienia.<\/p>\n<p>Zach\u0119camy do odwiedzenia strony internetowej: <a href=\"http:\/\/uwolnieni.edu.pl\/\">uwolnieni.edu.pl<\/a>, profilu na Instgramie: <a href=\"https:\/\/www.instagram.com\/uwolnieni_2019\/\">uwolnieni_2019<\/a> oraz Facebooku: <a href=\"https:\/\/www.facebook.com\/Uwolnieni-2019-100369324771852\/\">Uwolnieni 2019<\/a>. &nbsp;Na tych kana\u0142ach obejrze\u0107 Pa\u0144stwo mog\u0105 materia\u0142y, kt\u00f3re zosta\u0142y wykonane w ramach projektu, filmy, audycje radiowe, konspekty zaj\u0119\u0107 edukacyjnych.<\/p>\n<p><em>Wsp\u00f3\u0142finansowano ze \u015brodk\u00f3w Funduszu Sprawiedliwo\u015bci, kt\u00f3rego dysponentem jest Minister Sprawiedliwo\u015bci. <\/em><\/p>\n<p><a href=\"http:\/\/fundacja.radiopodlasie.pl\/wp-content\/uploads\/2019\/12\/stopka1.png\"><img decoding=\"async\" loading=\"lazy\" class=\"alignleft size-full wp-image-1366\" src=\"http:\/\/fundacja.radiopodlasie.pl\/wp-content\/uploads\/2019\/12\/stopka1.png\" alt=\"\" width=\"1200\" height=\"100\" srcset=\"https:\/\/fundacja.radiopodlasie.pl\/wp-content\/uploads\/2019\/12\/stopka1.png 1200w, https:\/\/fundacja.radiopodlasie.pl\/wp-content\/uploads\/2019\/12\/stopka1-300x25.png 300w, https:\/\/fundacja.radiopodlasie.pl\/wp-content\/uploads\/2019\/12\/stopka1-768x64.png 768w, https:\/\/fundacja.radiopodlasie.pl\/wp-content\/uploads\/2019\/12\/stopka1-1024x85.png 1024w\" sizes=\"(max-width: 1200px) 100vw, 1200px\" \/><\/a><\/p>\n","protected":false},"excerpt":{"rendered":"<p>&nbsp; Z danych NIK wynika, \u017ce ponad 30% by\u0142ych wychowank\u00f3w M\u0142odzie\u017cowych O\u015brodk\u00f3w Wychowawczych wchodzi w konflikt z prawem ju\u017c nied\u0142ugo po opuszczeniu o\u015brodka, przy czym po 5 latach od jego opuszczenia i samodzielnego \u017cycia niekorzystna sytuacja pog\u0142\u0119bia si\u0119 i a\u017c 60% wychowank\u00f3w MOW wchodzi na drog\u0119 przest\u0119pcz\u0105. Fundacja Podlaskie Centrum Radiowe i \u201eAmicus Media\u201d przy [&hellip;]<\/p>\n","protected":false},"author":1,"featured_media":1363,"comment_status":"closed","ping_status":"closed","sticky":false,"template":"","format":"standard","meta":{"ngg_post_thumbnail":0},"categories":[4],"tags":[],"_links":{"self":[{"href":"https:\/\/fundacja.radiopodlasie.pl\/index.php?rest_route=\/wp\/v2\/posts\/1362"}],"collection":[{"href":"https:\/\/fundacja.radiopodlasie.pl\/index.php?rest_route=\/wp\/v2\/posts"}],"about":[{"href":"https:\/\/fundacja.radiopodlasie.pl\/index.php?rest_route=\/wp\/v2\/types\/post"}],"author":[{"embeddable":true,"href":"https:\/\/fundacja.radiopodlasie.pl\/index.php?rest_route=\/wp\/v2\/users\/1"}],"replies":[{"embeddable":true,"href":"https:\/\/fundacja.radiopodlasie.pl\/index.php?rest_route=%2Fwp%2Fv2%2Fcomments&post=1362"}],"version-history":[{"count":3,"href":"https:\/\/fundacja.radiopodlasie.pl\/index.php?rest_route=\/wp\/v2\/posts\/1362\/revisions"}],"predecessor-version":[{"id":1367,"href":"https:\/\/fundacja.radiopodlasie.pl\/index.php?rest_route=\/wp\/v2\/posts\/1362\/revisions\/1367"}],"wp:featuredmedia":[{"embeddable":true,"href":"https:\/\/fundacja.radiopodlasie.pl\/index.php?rest_route=\/wp\/v2\/media\/1363"}],"wp:attachment":[{"href":"https:\/\/fundacja.radiopodlasie.pl\/index.php?rest_route=%2Fwp%2Fv2%2Fmedia&parent=1362"}],"wp:term":[{"taxonomy":"category","embeddable":true,"href":"https:\/\/fundacja.radiopodlasie.pl\/index.php?rest_route=%2Fwp%2Fv2%2Fcategories&post=1362"},{"taxonomy":"post_tag","embeddable":true,"href":"https:\/\/fundacja.radiopodlasie.pl\/index.php?rest_route=%2Fwp%2Fv2%2Ftags&post=1362"}],"curies":[{"name":"wp","href":"https:\/\/api.w.org\/{rel}","templated":true}]}}