{"id":1464,"date":"2025-09-15T20:03:34","date_gmt":"2025-09-15T18:03:34","guid":{"rendered":"https:\/\/fundacja.radiopodlasie.pl\/?p=1464"},"modified":"2025-09-15T20:24:19","modified_gmt":"2025-09-15T18:24:19","slug":"miasteczko-bezpieczni-zdrowi-razem-podczas-wspolnego-swietowania-z-katolickim-radiem-podlasie","status":"publish","type":"post","link":"https:\/\/fundacja.radiopodlasie.pl\/?p=1464","title":{"rendered":"<strong>Miasteczko \u201eBezpieczni, zdrowi, razem\u201d \u2013 podczas wsp\u00f3lnego \u015bwi\u0119towania z Katolickim Radiem Podlasie<\/strong>"},"content":{"rendered":"\n<p>W sobot\u0119, 13 wrze\u015bnia, nasza fundacja wraz z Katolickim Radiem Podlasie zorganizowa\u0142a festyn dla s\u0142uchaczy rozg\u0142o\u015bni oraz wszystkich zainteresowanych mieszka\u0144c\u00f3w regionu. Spotkanie odby\u0142o si\u0119 na terenie Sanktuarium \u015bw. J\u00f3zefa w Siedlcach i zgromadzi\u0142o liczne grono uczestnik\u00f3w.<\/p>\n\n\n\n<p>Wa\u017cnym punktem wydarzenia by\u0142o Miasteczko: \u201eBezpieczni, zdrowi, razem\u201d, w ramach kt\u00f3rego przygotowano trzy strefy tematyczne:<\/p>\n\n\n\n<ul>\n<li>Strefa zdrowia \u2013 uczestnicy wys\u0142uchali prelekcji Ma\u0142gorzaty Cabaj, dietetyka klinicznego, o zasadach zdrowego od\u017cywiania oraz Ewy Prokurat, po\u0142o\u017cnej, o profilaktyce onkologicznej. Panie mog\u0142y tak\u017ce skorzysta\u0107 z mobilnego mammobusu i wykona\u0107 bezp\u0142atne badania profilaktyczne.<\/li>\n\n\n\n<li>Strefa bezpiecze\u0144stwa \u2013 Tomasz Grzyma\u0142a z Wojew\u00f3dzkiego O\u015brodka Ruchu Drogowego w Siedlcach przypomnia\u0142 zasady bezpiecznego poruszania si\u0119 na drogach, a druhowie z OSP zaprezentowali sprz\u0119t stra\u017cacki i opowiedzieli o znaczeniu czujnik\u00f3w czadu w domach.<\/li>\n\n\n\n<li>Strefa radiowa \u2013 go\u015bcie mogli zobaczy\u0107 od \u015brodka w\u00f3z transmisyjny, spotka\u0107 si\u0119 z reporterami Katolickiego Radia Podlasie i wzi\u0105\u0107 udzia\u0142 w wej\u015bciach na \u017cywo na anten\u0119.<\/li>\n<\/ul>\n\n\n\n<p>Nie zabrak\u0142o r\u00f3wnie\u017c okazji do wsp\u00f3lnego posi\u0142ku. Pyszne potrawy przygotowa\u0142 Zak\u0142ad Aktywno\u015bci Zawodowej, a Ko\u0142o Gospody\u0144 Wiejskich \u201eSami Swoi\u201d z Rakowca podj\u0119\u0142o uczestnik\u00f3w regionalnymi smako\u0142ykami oraz informacjami o odpowiednim i zdrowym wykorzystaniem zi\u00f3\u0142. Na zako\u0144czenie uczestnicy przy muzyce zespo\u0142u Babie Lato mogli biesiadowa\u0107 i cieszy\u0107 si\u0119 rodzinn\u0105 atmosfer\u0105.<\/p>\n\n\n\n<p>Festyn by\u0142 nie tylko okazj\u0105 do \u015bwi\u0119towania, ale r\u00f3wnie\u017c do edukacji, profilaktyki i integracji lokalnej spo\u0142eczno\u015bci. Fundacja PCR i Katolickie Radio Podlasie serdecznie dzi\u0119kuj\u0105 wszystkim partnerom oraz uczestnikom, kt\u00f3rzy tego dnia stworzyli wsp\u00f3lnot\u0119 rado\u015bci, przyja\u017ani i troski o drugiego cz\u0142owieka.<\/p>\n\n\n\n<p>Projekt: Miasteczko: \u201eBezpieczni, zdrowi, razem\u201d wsp\u00f3\u0142finansowany ze \u015brodk\u00f3w Narodowego Instytutu Wolno\u015bci \u2013 Centrum Rozwoju Spo\u0142ecze\u0144stwa Obywatelskiego w ramach rz\u0105dowego<\/p>\n\n\n\n<p>programu wsparcia organizacji pozarz\u0105dowych \u201eMoc Ma\u0142ych Spo\u0142eczno\u015bci \u201d realizowanego<\/p>\n\n\n\n<p>przez Stowarzyszenie Europa i My, Stowarzyszenie BORIS, Stowarzyszenie SOKIAL oraz<\/p>\n\n\n\n<p>Fundacj\u0119 Fundusz Wsp\u00f3\u0142pracy.<\/p>\n\n\n\nngg_shortcode_0_placeholder\n\n\n<div class=\"wp-block-image\">\n<figure class=\"aligncenter size-large\"><a href=\"https:\/\/fundacja.radiopodlasie.pl\/wp-content\/uploads\/2025\/09\/Belka-logotypow-sponsorzy-i-operatorzy-MLO1.png\"><img decoding=\"async\" loading=\"lazy\" width=\"1024\" height=\"108\" src=\"https:\/\/fundacja.radiopodlasie.pl\/wp-content\/uploads\/2025\/09\/Belka-logotypow-sponsorzy-i-operatorzy-MLO1-1024x108.png\" alt=\"\" class=\"wp-image-1465\" srcset=\"https:\/\/fundacja.radiopodlasie.pl\/wp-content\/uploads\/2025\/09\/Belka-logotypow-sponsorzy-i-operatorzy-MLO1-1024x108.png 1024w, https:\/\/fundacja.radiopodlasie.pl\/wp-content\/uploads\/2025\/09\/Belka-logotypow-sponsorzy-i-operatorzy-MLO1-300x32.png 300w, https:\/\/fundacja.radiopodlasie.pl\/wp-content\/uploads\/2025\/09\/Belka-logotypow-sponsorzy-i-operatorzy-MLO1-768x81.png 768w, https:\/\/fundacja.radiopodlasie.pl\/wp-content\/uploads\/2025\/09\/Belka-logotypow-sponsorzy-i-operatorzy-MLO1-1536x163.png 1536w, https:\/\/fundacja.radiopodlasie.pl\/wp-content\/uploads\/2025\/09\/Belka-logotypow-sponsorzy-i-operatorzy-MLO1-2048x217.png 2048w\" sizes=\"(max-width: 1024px) 100vw, 1024px\" \/><\/a><\/figure><\/div>","protected":false},"excerpt":{"rendered":"<p>W sobot\u0119, 13 wrze\u015bnia, nasza fundacja wraz z Katolickim Radiem Podlasie zorganizowa\u0142a festyn dla s\u0142uchaczy rozg\u0142o\u015bni oraz wszystkich zainteresowanych mieszka\u0144c\u00f3w regionu. Spotkanie odby\u0142o si\u0119 na terenie Sanktuarium \u015bw. J\u00f3zefa w Siedlcach i zgromadzi\u0142o liczne grono uczestnik\u00f3w. Wa\u017cnym punktem wydarzenia by\u0142o Miasteczko: \u201eBezpieczni, zdrowi, razem\u201d, w ramach kt\u00f3rego przygotowano trzy strefy tematyczne: Nie zabrak\u0142o r\u00f3wnie\u017c okazji [&hellip;]<\/p>\n","protected":false},"author":1,"featured_media":1471,"comment_status":"closed","ping_status":"closed","sticky":false,"template":"","format":"standard","meta":{"ngg_post_thumbnail":0},"categories":[4],"tags":[],"_links":{"self":[{"href":"https:\/\/fundacja.radiopodlasie.pl\/index.php?rest_route=\/wp\/v2\/posts\/1464"}],"collection":[{"href":"https:\/\/fundacja.radiopodlasie.pl\/index.php?rest_route=\/wp\/v2\/posts"}],"about":[{"href":"https:\/\/fundacja.radiopodlasie.pl\/index.php?rest_route=\/wp\/v2\/types\/post"}],"author":[{"embeddable":true,"href":"https:\/\/fundacja.radiopodlasie.pl\/index.php?rest_route=\/wp\/v2\/users\/1"}],"replies":[{"embeddable":true,"href":"https:\/\/fundacja.radiopodlasie.pl\/index.php?rest_route=%2Fwp%2Fv2%2Fcomments&post=1464"}],"version-history":[{"count":4,"href":"https:\/\/fundacja.radiopodlasie.pl\/index.php?rest_route=\/wp\/v2\/posts\/1464\/revisions"}],"predecessor-version":[{"id":1509,"href":"https:\/\/fundacja.radiopodlasie.pl\/index.php?rest_route=\/wp\/v2\/posts\/1464\/revisions\/1509"}],"wp:featuredmedia":[{"embeddable":true,"href":"https:\/\/fundacja.radiopodlasie.pl\/index.php?rest_route=\/wp\/v2\/media\/1471"}],"wp:attachment":[{"href":"https:\/\/fundacja.radiopodlasie.pl\/index.php?rest_route=%2Fwp%2Fv2%2Fmedia&parent=1464"}],"wp:term":[{"taxonomy":"category","embeddable":true,"href":"https:\/\/fundacja.radiopodlasie.pl\/index.php?rest_route=%2Fwp%2Fv2%2Fcategories&post=1464"},{"taxonomy":"post_tag","embeddable":true,"href":"https:\/\/fundacja.radiopodlasie.pl\/index.php?rest_route=%2Fwp%2Fv2%2Ftags&post=1464"}],"curies":[{"name":"wp","href":"https:\/\/api.w.org\/{rel}","templated":true}]}}