{"id":147,"date":"2012-09-12T13:59:09","date_gmt":"2012-09-12T11:59:09","guid":{"rendered":"http:\/\/fundacja.radiopodlasie.pl\/?p=147"},"modified":"2013-11-22T14:03:48","modified_gmt":"2013-11-22T13:03:48","slug":"dzien-otwartych-drzwi-w-katolickim-radiu-podlasie","status":"publish","type":"post","link":"https:\/\/fundacja.radiopodlasie.pl\/?p=147","title":{"rendered":"Dzie\u0144 Otwartych Drzwi w Katolickim Radiu Podlasie"},"content":{"rendered":"<p>12 wrze\u015bnia od godz. 9.00 do 18.00 wszyscy ch\u0119tni mogli zobaczy\u0107 jak wygl\u0105da praca dziennikarzy Katolickiego Radia Podlasie i portalu podlasie24.pl. W siedzibie rozg\u0142o\u015bni w Siedlcach pojawi\u0142o si\u0119 kilkaset os\u00f3b.<\/p>\n<p><a href=\"http:\/\/podlasie24.pl\/\/wiadomosci\/siedlce\/sluchacze-na-dniu-otwartym-radia-podlasie-b8b0.html\">Zobacz<\/p>\n<p><\/a><\/p>\n","protected":false},"excerpt":{"rendered":"<p>12 wrze\u015bnia od godz. 9.00 do 18.00 wszyscy ch\u0119tni mogli zobaczy\u0107 jak wygl\u0105da praca dziennikarzy Katolickiego Radia Podlasie i portalu podlasie24.pl. W siedzibie rozg\u0142o\u015bni w Siedlcach pojawi\u0142o si\u0119 kilkaset os\u00f3b. Zobacz<\/p>\n","protected":false},"author":1,"featured_media":148,"comment_status":"closed","ping_status":"open","sticky":false,"template":"","format":"standard","meta":{"ngg_post_thumbnail":0},"categories":[1],"tags":[],"_links":{"self":[{"href":"https:\/\/fundacja.radiopodlasie.pl\/index.php?rest_route=\/wp\/v2\/posts\/147"}],"collection":[{"href":"https:\/\/fundacja.radiopodlasie.pl\/index.php?rest_route=\/wp\/v2\/posts"}],"about":[{"href":"https:\/\/fundacja.radiopodlasie.pl\/index.php?rest_route=\/wp\/v2\/types\/post"}],"author":[{"embeddable":true,"href":"https:\/\/fundacja.radiopodlasie.pl\/index.php?rest_route=\/wp\/v2\/users\/1"}],"replies":[{"embeddable":true,"href":"https:\/\/fundacja.radiopodlasie.pl\/index.php?rest_route=%2Fwp%2Fv2%2Fcomments&post=147"}],"version-history":[{"count":1,"href":"https:\/\/fundacja.radiopodlasie.pl\/index.php?rest_route=\/wp\/v2\/posts\/147\/revisions"}],"predecessor-version":[{"id":149,"href":"https:\/\/fundacja.radiopodlasie.pl\/index.php?rest_route=\/wp\/v2\/posts\/147\/revisions\/149"}],"wp:featuredmedia":[{"embeddable":true,"href":"https:\/\/fundacja.radiopodlasie.pl\/index.php?rest_route=\/wp\/v2\/media\/148"}],"wp:attachment":[{"href":"https:\/\/fundacja.radiopodlasie.pl\/index.php?rest_route=%2Fwp%2Fv2%2Fmedia&parent=147"}],"wp:term":[{"taxonomy":"category","embeddable":true,"href":"https:\/\/fundacja.radiopodlasie.pl\/index.php?rest_route=%2Fwp%2Fv2%2Fcategories&post=147"},{"taxonomy":"post_tag","embeddable":true,"href":"https:\/\/fundacja.radiopodlasie.pl\/index.php?rest_route=%2Fwp%2Fv2%2Ftags&post=147"}],"curies":[{"name":"wp","href":"https:\/\/api.w.org\/{rel}","templated":true}]}}