{"id":167,"date":"2012-12-19T17:20:13","date_gmt":"2012-12-19T16:20:13","guid":{"rendered":"http:\/\/fundacja.radiopodlasie.pl\/?p=167"},"modified":"2013-11-22T17:22:45","modified_gmt":"2013-11-22T16:22:45","slug":"adwentowy-dzien-skupienia","status":"publish","type":"post","link":"https:\/\/fundacja.radiopodlasie.pl\/?p=167","title":{"rendered":"Adwentowy Dzie\u0144 Skupienia"},"content":{"rendered":"<p>Adwentowy Dzie\u0144 Skupienia,\u00a0 na kt\u00f3ry zaproszeni byli wszyscy pracownicy Katolickiego\u00a0 Radia Podlasie i portalu podlasie24.pl<\/p>\n<p>Odby\u0142\u00a0 si\u0119 on w Domu Rekolekcyjnym\u00a0 w Opolu Nowym, \u00a019 grudnia w godzinach od 15.00 do 18.00.<\/p>\n<p>Dwie konferencje biblijne pod has\u0142em <i>Daj mi wody \u017cywej\u2026 <\/i>poprowadzi\u0142 ks. Tomasz Kostecki- duszpasterz akademicki z Siedlec. Na zako\u0144czenie odby\u0142a si\u0119 \u00a0agapa.<\/p>\n","protected":false},"excerpt":{"rendered":"<p>Adwentowy Dzie\u0144 Skupienia,\u00a0 na kt\u00f3ry zaproszeni byli wszyscy pracownicy Katolickiego\u00a0 Radia Podlasie i portalu podlasie24.pl Odby\u0142\u00a0 si\u0119 on w Domu Rekolekcyjnym\u00a0 w Opolu Nowym, \u00a019 grudnia w godzinach od 15.00 do 18.00. Dwie konferencje biblijne pod has\u0142em Daj mi wody \u017cywej\u2026 poprowadzi\u0142 ks. Tomasz Kostecki- duszpasterz akademicki z Siedlec. Na zako\u0144czenie odby\u0142a si\u0119 \u00a0agapa.<\/p>\n","protected":false},"author":1,"featured_media":168,"comment_status":"closed","ping_status":"open","sticky":false,"template":"","format":"standard","meta":{"ngg_post_thumbnail":0},"categories":[1],"tags":[],"_links":{"self":[{"href":"https:\/\/fundacja.radiopodlasie.pl\/index.php?rest_route=\/wp\/v2\/posts\/167"}],"collection":[{"href":"https:\/\/fundacja.radiopodlasie.pl\/index.php?rest_route=\/wp\/v2\/posts"}],"about":[{"href":"https:\/\/fundacja.radiopodlasie.pl\/index.php?rest_route=\/wp\/v2\/types\/post"}],"author":[{"embeddable":true,"href":"https:\/\/fundacja.radiopodlasie.pl\/index.php?rest_route=\/wp\/v2\/users\/1"}],"replies":[{"embeddable":true,"href":"https:\/\/fundacja.radiopodlasie.pl\/index.php?rest_route=%2Fwp%2Fv2%2Fcomments&post=167"}],"version-history":[{"count":1,"href":"https:\/\/fundacja.radiopodlasie.pl\/index.php?rest_route=\/wp\/v2\/posts\/167\/revisions"}],"predecessor-version":[{"id":169,"href":"https:\/\/fundacja.radiopodlasie.pl\/index.php?rest_route=\/wp\/v2\/posts\/167\/revisions\/169"}],"wp:featuredmedia":[{"embeddable":true,"href":"https:\/\/fundacja.radiopodlasie.pl\/index.php?rest_route=\/wp\/v2\/media\/168"}],"wp:attachment":[{"href":"https:\/\/fundacja.radiopodlasie.pl\/index.php?rest_route=%2Fwp%2Fv2%2Fmedia&parent=167"}],"wp:term":[{"taxonomy":"category","embeddable":true,"href":"https:\/\/fundacja.radiopodlasie.pl\/index.php?rest_route=%2Fwp%2Fv2%2Fcategories&post=167"},{"taxonomy":"post_tag","embeddable":true,"href":"https:\/\/fundacja.radiopodlasie.pl\/index.php?rest_route=%2Fwp%2Fv2%2Ftags&post=167"}],"curies":[{"name":"wp","href":"https:\/\/api.w.org\/{rel}","templated":true}]}}