{"id":173,"date":"2012-09-09T17:26:43","date_gmt":"2012-09-09T15:26:43","guid":{"rendered":"http:\/\/fundacja.radiopodlasie.pl\/?p=173"},"modified":"2013-11-22T17:30:21","modified_gmt":"2013-11-22T16:30:21","slug":"wsparcie-akcji-portret-parafii-biala-podlaska","status":"publish","type":"post","link":"https:\/\/fundacja.radiopodlasie.pl\/?p=173","title":{"rendered":"Wsparcie akcji &#8222;Portret Parafii&#8221; &#8211; Bia\u0142a Podlaska"},"content":{"rendered":"<p>Wsparcie akcji &#8222;Portret Parafii&#8221;, w ramach kt\u00f3rej program radiowy nadawany jest na \u017cywo z konkretnej parafii. W\u00f3z transmisyjny Radia Podlasie pojawi\u0142 si\u0119 w parafii pw.\u00a0\u015bw. Micha\u0142a Archanio\u0142a w Bia\u0142ej Podlaskiej<\/p>\n<p>&#8211; <a title=\"Zobacz\" href=\"http:\/\/www.podlasie24.pl\/\/wiadomosci\/parafia-sw.-michala-archaniola-w-bialej-podlaskiej---portret-parafii-b812.html\">Zobacz<\/a><\/p>\n<p>&#8211;\u00a0<a href=\"http:\/\/archiwum.radiopodlasie.pl\/?cat=8613\">Pos\u0142uchaj audycji<\/a><\/p>\n","protected":false},"excerpt":{"rendered":"<p>Wsparcie akcji &#8222;Portret Parafii&#8221;, w ramach kt\u00f3rej program radiowy nadawany jest na \u017cywo z konkretnej parafii. W\u00f3z transmisyjny Radia Podlasie pojawi\u0142 si\u0119 w parafii pw.\u00a0\u015bw. Micha\u0142a Archanio\u0142a w Bia\u0142ej Podlaskiej &#8211; Zobacz &#8211;\u00a0Pos\u0142uchaj audycji<\/p>\n","protected":false},"author":1,"featured_media":174,"comment_status":"closed","ping_status":"open","sticky":false,"template":"","format":"standard","meta":{"ngg_post_thumbnail":0},"categories":[1],"tags":[],"_links":{"self":[{"href":"https:\/\/fundacja.radiopodlasie.pl\/index.php?rest_route=\/wp\/v2\/posts\/173"}],"collection":[{"href":"https:\/\/fundacja.radiopodlasie.pl\/index.php?rest_route=\/wp\/v2\/posts"}],"about":[{"href":"https:\/\/fundacja.radiopodlasie.pl\/index.php?rest_route=\/wp\/v2\/types\/post"}],"author":[{"embeddable":true,"href":"https:\/\/fundacja.radiopodlasie.pl\/index.php?rest_route=\/wp\/v2\/users\/1"}],"replies":[{"embeddable":true,"href":"https:\/\/fundacja.radiopodlasie.pl\/index.php?rest_route=%2Fwp%2Fv2%2Fcomments&post=173"}],"version-history":[{"count":1,"href":"https:\/\/fundacja.radiopodlasie.pl\/index.php?rest_route=\/wp\/v2\/posts\/173\/revisions"}],"predecessor-version":[{"id":175,"href":"https:\/\/fundacja.radiopodlasie.pl\/index.php?rest_route=\/wp\/v2\/posts\/173\/revisions\/175"}],"wp:featuredmedia":[{"embeddable":true,"href":"https:\/\/fundacja.radiopodlasie.pl\/index.php?rest_route=\/wp\/v2\/media\/174"}],"wp:attachment":[{"href":"https:\/\/fundacja.radiopodlasie.pl\/index.php?rest_route=%2Fwp%2Fv2%2Fmedia&parent=173"}],"wp:term":[{"taxonomy":"category","embeddable":true,"href":"https:\/\/fundacja.radiopodlasie.pl\/index.php?rest_route=%2Fwp%2Fv2%2Fcategories&post=173"},{"taxonomy":"post_tag","embeddable":true,"href":"https:\/\/fundacja.radiopodlasie.pl\/index.php?rest_route=%2Fwp%2Fv2%2Ftags&post=173"}],"curies":[{"name":"wp","href":"https:\/\/api.w.org\/{rel}","templated":true}]}}