{"id":178,"date":"2012-09-16T17:31:35","date_gmt":"2012-09-16T15:31:35","guid":{"rendered":"http:\/\/fundacja.radiopodlasie.pl\/?p=178"},"modified":"2013-11-22T17:34:18","modified_gmt":"2013-11-22T16:34:18","slug":"wsparcie-akcji-portret-parafii-zeliszew","status":"publish","type":"post","link":"https:\/\/fundacja.radiopodlasie.pl\/?p=178","title":{"rendered":"Wsparcie akcji &#8222;Portret Parafii&#8221; &#8211; \u017beliszew"},"content":{"rendered":"<p>Wsparcie akcji &#8222;Portret Parafii&#8221;, w ramach kt\u00f3rej program radiowy nadawany jest na \u017cywo z konkretnej parafii. W\u00f3z transmisyjny Radia Podlasie pojawi\u0142 si\u0119 w parafii \u017beliszew<\/p>\n<p>&#8211; <a href=\"http:\/\/podlasie24.pl\/wiadomosci\/parafia-trojcy-swietej-w-zeliszewie.-portret-parafii-b948.html\">Zobacz<\/a><\/p>\n<p>&#8211;\u00a0<a href=\"http:\/\/archiwum.radiopodlasie.pl\/?cat=8651\">Pos\u0142uchaj audycji<\/a><\/p>\n","protected":false},"excerpt":{"rendered":"<p>Wsparcie akcji &#8222;Portret Parafii&#8221;, w ramach kt\u00f3rej program radiowy nadawany jest na \u017cywo z konkretnej parafii. W\u00f3z transmisyjny Radia Podlasie pojawi\u0142 si\u0119 w parafii \u017beliszew &#8211; Zobacz &#8211;\u00a0Pos\u0142uchaj audycji<\/p>\n","protected":false},"author":1,"featured_media":179,"comment_status":"closed","ping_status":"open","sticky":false,"template":"","format":"standard","meta":{"ngg_post_thumbnail":0},"categories":[1],"tags":[],"_links":{"self":[{"href":"https:\/\/fundacja.radiopodlasie.pl\/index.php?rest_route=\/wp\/v2\/posts\/178"}],"collection":[{"href":"https:\/\/fundacja.radiopodlasie.pl\/index.php?rest_route=\/wp\/v2\/posts"}],"about":[{"href":"https:\/\/fundacja.radiopodlasie.pl\/index.php?rest_route=\/wp\/v2\/types\/post"}],"author":[{"embeddable":true,"href":"https:\/\/fundacja.radiopodlasie.pl\/index.php?rest_route=\/wp\/v2\/users\/1"}],"replies":[{"embeddable":true,"href":"https:\/\/fundacja.radiopodlasie.pl\/index.php?rest_route=%2Fwp%2Fv2%2Fcomments&post=178"}],"version-history":[{"count":1,"href":"https:\/\/fundacja.radiopodlasie.pl\/index.php?rest_route=\/wp\/v2\/posts\/178\/revisions"}],"predecessor-version":[{"id":180,"href":"https:\/\/fundacja.radiopodlasie.pl\/index.php?rest_route=\/wp\/v2\/posts\/178\/revisions\/180"}],"wp:featuredmedia":[{"embeddable":true,"href":"https:\/\/fundacja.radiopodlasie.pl\/index.php?rest_route=\/wp\/v2\/media\/179"}],"wp:attachment":[{"href":"https:\/\/fundacja.radiopodlasie.pl\/index.php?rest_route=%2Fwp%2Fv2%2Fmedia&parent=178"}],"wp:term":[{"taxonomy":"category","embeddable":true,"href":"https:\/\/fundacja.radiopodlasie.pl\/index.php?rest_route=%2Fwp%2Fv2%2Fcategories&post=178"},{"taxonomy":"post_tag","embeddable":true,"href":"https:\/\/fundacja.radiopodlasie.pl\/index.php?rest_route=%2Fwp%2Fv2%2Ftags&post=178"}],"curies":[{"name":"wp","href":"https:\/\/api.w.org\/{rel}","templated":true}]}}