{"id":183,"date":"2012-06-17T17:40:43","date_gmt":"2012-06-17T15:40:43","guid":{"rendered":"http:\/\/fundacja.radiopodlasie.pl\/?p=183"},"modified":"2013-11-22T17:42:15","modified_gmt":"2013-11-22T16:42:15","slug":"festyn-katolickiego-radia-podlasie-garwolin","status":"publish","type":"post","link":"https:\/\/fundacja.radiopodlasie.pl\/?p=183","title":{"rendered":"Festyn Katolickiego Radia Podlasie &#8211; Garwolin"},"content":{"rendered":"<p>Patronat i wsp\u00f3\u0142organizacja Festynu Radiowego w Garwolinie, podczas kt\u00f3rych przygotowano wiele atrakcji, m.in.: koncerty, pokazy, gry i zabawy oraz konkursy z ciekawymi nagrodami.<\/p>\n<p><a href=\"http:\/\/www.podlasie24.pl\/wiadomosci\/garwolin\/radio-podlasie-na-zywo-z-garwolina--aab2.html\">Zobacz<\/p>\n<p><\/a><\/p>\n","protected":false},"excerpt":{"rendered":"<p>Patronat i wsp\u00f3\u0142organizacja Festynu Radiowego w Garwolinie, podczas kt\u00f3rych przygotowano wiele atrakcji, m.in.: koncerty, pokazy, gry i zabawy oraz konkursy z ciekawymi nagrodami. Zobacz<\/p>\n","protected":false},"author":1,"featured_media":184,"comment_status":"closed","ping_status":"open","sticky":false,"template":"","format":"standard","meta":{"ngg_post_thumbnail":0},"categories":[1],"tags":[],"_links":{"self":[{"href":"https:\/\/fundacja.radiopodlasie.pl\/index.php?rest_route=\/wp\/v2\/posts\/183"}],"collection":[{"href":"https:\/\/fundacja.radiopodlasie.pl\/index.php?rest_route=\/wp\/v2\/posts"}],"about":[{"href":"https:\/\/fundacja.radiopodlasie.pl\/index.php?rest_route=\/wp\/v2\/types\/post"}],"author":[{"embeddable":true,"href":"https:\/\/fundacja.radiopodlasie.pl\/index.php?rest_route=\/wp\/v2\/users\/1"}],"replies":[{"embeddable":true,"href":"https:\/\/fundacja.radiopodlasie.pl\/index.php?rest_route=%2Fwp%2Fv2%2Fcomments&post=183"}],"version-history":[{"count":1,"href":"https:\/\/fundacja.radiopodlasie.pl\/index.php?rest_route=\/wp\/v2\/posts\/183\/revisions"}],"predecessor-version":[{"id":185,"href":"https:\/\/fundacja.radiopodlasie.pl\/index.php?rest_route=\/wp\/v2\/posts\/183\/revisions\/185"}],"wp:featuredmedia":[{"embeddable":true,"href":"https:\/\/fundacja.radiopodlasie.pl\/index.php?rest_route=\/wp\/v2\/media\/184"}],"wp:attachment":[{"href":"https:\/\/fundacja.radiopodlasie.pl\/index.php?rest_route=%2Fwp%2Fv2%2Fmedia&parent=183"}],"wp:term":[{"taxonomy":"category","embeddable":true,"href":"https:\/\/fundacja.radiopodlasie.pl\/index.php?rest_route=%2Fwp%2Fv2%2Fcategories&post=183"},{"taxonomy":"post_tag","embeddable":true,"href":"https:\/\/fundacja.radiopodlasie.pl\/index.php?rest_route=%2Fwp%2Fv2%2Ftags&post=183"}],"curies":[{"name":"wp","href":"https:\/\/api.w.org\/{rel}","templated":true}]}}