{"id":186,"date":"2012-07-01T17:42:20","date_gmt":"2012-07-01T15:42:20","guid":{"rendered":"http:\/\/fundacja.radiopodlasie.pl\/?p=186"},"modified":"2013-11-22T17:43:55","modified_gmt":"2013-11-22T16:43:55","slug":"festyn-katolickiego-radia-podlasie-radzyn-podl","status":"publish","type":"post","link":"https:\/\/fundacja.radiopodlasie.pl\/?p=186","title":{"rendered":"Festyn Katolickiego Radia Podlasie &#8211; Radzy\u0144 Podl"},"content":{"rendered":"<p>Patronat i wsp\u00f3\u0142organizacja Festynu Radiowego w Radzyniu Podlaskim, podczas kt\u00f3rych przygotowano wiele atrakcji, m.in.: koncerty, pokazy, gry i zabawy oraz konkursy z ciekawymi nagrodami.<\/p>\n<p><a href=\"http:\/\/www.podlasie24.pl\/wiadomosci\/radzyn-podlaski\/festyn-radia-podlasie-w-radzyniu-podlaskim-ad52.html\">Zobacz<\/a><\/p>\n","protected":false},"excerpt":{"rendered":"<p>Patronat i wsp\u00f3\u0142organizacja Festynu Radiowego w Radzyniu Podlaskim, podczas kt\u00f3rych przygotowano wiele atrakcji, m.in.: koncerty, pokazy, gry i zabawy oraz konkursy z ciekawymi nagrodami. Zobacz<\/p>\n","protected":false},"author":1,"featured_media":187,"comment_status":"closed","ping_status":"open","sticky":false,"template":"","format":"standard","meta":{"ngg_post_thumbnail":0},"categories":[1],"tags":[],"_links":{"self":[{"href":"https:\/\/fundacja.radiopodlasie.pl\/index.php?rest_route=\/wp\/v2\/posts\/186"}],"collection":[{"href":"https:\/\/fundacja.radiopodlasie.pl\/index.php?rest_route=\/wp\/v2\/posts"}],"about":[{"href":"https:\/\/fundacja.radiopodlasie.pl\/index.php?rest_route=\/wp\/v2\/types\/post"}],"author":[{"embeddable":true,"href":"https:\/\/fundacja.radiopodlasie.pl\/index.php?rest_route=\/wp\/v2\/users\/1"}],"replies":[{"embeddable":true,"href":"https:\/\/fundacja.radiopodlasie.pl\/index.php?rest_route=%2Fwp%2Fv2%2Fcomments&post=186"}],"version-history":[{"count":1,"href":"https:\/\/fundacja.radiopodlasie.pl\/index.php?rest_route=\/wp\/v2\/posts\/186\/revisions"}],"predecessor-version":[{"id":188,"href":"https:\/\/fundacja.radiopodlasie.pl\/index.php?rest_route=\/wp\/v2\/posts\/186\/revisions\/188"}],"wp:featuredmedia":[{"embeddable":true,"href":"https:\/\/fundacja.radiopodlasie.pl\/index.php?rest_route=\/wp\/v2\/media\/187"}],"wp:attachment":[{"href":"https:\/\/fundacja.radiopodlasie.pl\/index.php?rest_route=%2Fwp%2Fv2%2Fmedia&parent=186"}],"wp:term":[{"taxonomy":"category","embeddable":true,"href":"https:\/\/fundacja.radiopodlasie.pl\/index.php?rest_route=%2Fwp%2Fv2%2Fcategories&post=186"},{"taxonomy":"post_tag","embeddable":true,"href":"https:\/\/fundacja.radiopodlasie.pl\/index.php?rest_route=%2Fwp%2Fv2%2Ftags&post=186"}],"curies":[{"name":"wp","href":"https:\/\/api.w.org\/{rel}","templated":true}]}}