{"id":189,"date":"2012-08-16T17:44:14","date_gmt":"2012-08-16T15:44:14","guid":{"rendered":"http:\/\/fundacja.radiopodlasie.pl\/?p=189"},"modified":"2013-11-22T17:45:40","modified_gmt":"2013-11-22T16:45:40","slug":"festyn-katolickiego-radia-podlasie-wegrow","status":"publish","type":"post","link":"https:\/\/fundacja.radiopodlasie.pl\/?p=189","title":{"rendered":"Festyn Katolickiego Radia Podlasie &#8211; W\u0119gr\u00f3w"},"content":{"rendered":"<p>Patronat i wsp\u00f3\u0142organizacja Festynu Radiowego w W\u0119growie, podczas kt\u00f3rych przygotowano wiele atrakcji, m.in.: koncerty, pokazy, gry i zabawy oraz konkursy z ciekawymi nagrodami.<\/p>\n<p><a href=\"http:\/\/www.podlasie24.pl\/\/wiadomosci\/wegrow\/radiowy-festyn-w-wegrowie-b5b6.html\">Zobacz<\/a><\/p>\n","protected":false},"excerpt":{"rendered":"<p>Patronat i wsp\u00f3\u0142organizacja Festynu Radiowego w W\u0119growie, podczas kt\u00f3rych przygotowano wiele atrakcji, m.in.: koncerty, pokazy, gry i zabawy oraz konkursy z ciekawymi nagrodami. Zobacz<\/p>\n","protected":false},"author":1,"featured_media":190,"comment_status":"closed","ping_status":"open","sticky":false,"template":"","format":"standard","meta":{"ngg_post_thumbnail":0},"categories":[1],"tags":[],"_links":{"self":[{"href":"https:\/\/fundacja.radiopodlasie.pl\/index.php?rest_route=\/wp\/v2\/posts\/189"}],"collection":[{"href":"https:\/\/fundacja.radiopodlasie.pl\/index.php?rest_route=\/wp\/v2\/posts"}],"about":[{"href":"https:\/\/fundacja.radiopodlasie.pl\/index.php?rest_route=\/wp\/v2\/types\/post"}],"author":[{"embeddable":true,"href":"https:\/\/fundacja.radiopodlasie.pl\/index.php?rest_route=\/wp\/v2\/users\/1"}],"replies":[{"embeddable":true,"href":"https:\/\/fundacja.radiopodlasie.pl\/index.php?rest_route=%2Fwp%2Fv2%2Fcomments&post=189"}],"version-history":[{"count":2,"href":"https:\/\/fundacja.radiopodlasie.pl\/index.php?rest_route=\/wp\/v2\/posts\/189\/revisions"}],"predecessor-version":[{"id":192,"href":"https:\/\/fundacja.radiopodlasie.pl\/index.php?rest_route=\/wp\/v2\/posts\/189\/revisions\/192"}],"wp:featuredmedia":[{"embeddable":true,"href":"https:\/\/fundacja.radiopodlasie.pl\/index.php?rest_route=\/wp\/v2\/media\/190"}],"wp:attachment":[{"href":"https:\/\/fundacja.radiopodlasie.pl\/index.php?rest_route=%2Fwp%2Fv2%2Fmedia&parent=189"}],"wp:term":[{"taxonomy":"category","embeddable":true,"href":"https:\/\/fundacja.radiopodlasie.pl\/index.php?rest_route=%2Fwp%2Fv2%2Fcategories&post=189"},{"taxonomy":"post_tag","embeddable":true,"href":"https:\/\/fundacja.radiopodlasie.pl\/index.php?rest_route=%2Fwp%2Fv2%2Ftags&post=189"}],"curies":[{"name":"wp","href":"https:\/\/api.w.org\/{rel}","templated":true}]}}