{"id":200,"date":"2013-06-20T18:10:27","date_gmt":"2013-06-20T16:10:27","guid":{"rendered":"http:\/\/fundacja.radiopodlasie.pl\/?p=200"},"modified":"2013-11-22T18:12:43","modified_gmt":"2013-11-22T17:12:43","slug":"dzien-otwartych-drzwi-w-katolickim-radiu-podlasie-2","status":"publish","type":"post","link":"https:\/\/fundacja.radiopodlasie.pl\/?p=200","title":{"rendered":"Dzie\u0144 Otwartych Drzwi w Katolickim Radiu Podlasie"},"content":{"rendered":"<p>Prawie p\u00f3\u0142 tysi\u0105ca os\u00f3b odwiedzi\u0142o 20 czerwca Katolickie Radio Podlasie podczas &#8222;Dnia Otwartego&#8221;. By\u0142a to doskona\u0142a okazja, aby sprawdzi\u0107 jak naprawd\u0119 wygl\u0105da praca w radiu, a tak\u017ce zobaczy\u0107 nowe studio i powiedzie\u0107 kilka s\u0142\u00f3w do mikrofonu.<\/p>\n<p><a href=\"http:\/\/podlasie24.pl\/\/wiadomosci\/siedlce\/dzien-otwartych-drzwi-w-radiu-podlasie-\/zdjecia\/-ec6a.html\">Zobacz<\/p>\n<p><\/a><\/p>\n","protected":false},"excerpt":{"rendered":"<p>Prawie p\u00f3\u0142 tysi\u0105ca os\u00f3b odwiedzi\u0142o 20 czerwca Katolickie Radio Podlasie podczas &#8222;Dnia Otwartego&#8221;. By\u0142a to doskona\u0142a okazja, aby sprawdzi\u0107 jak naprawd\u0119 wygl\u0105da praca w radiu, a tak\u017ce zobaczy\u0107 nowe studio i powiedzie\u0107 kilka s\u0142\u00f3w do mikrofonu. Zobacz<\/p>\n","protected":false},"author":1,"featured_media":201,"comment_status":"closed","ping_status":"open","sticky":false,"template":"","format":"standard","meta":{"ngg_post_thumbnail":0},"categories":[1],"tags":[],"_links":{"self":[{"href":"https:\/\/fundacja.radiopodlasie.pl\/index.php?rest_route=\/wp\/v2\/posts\/200"}],"collection":[{"href":"https:\/\/fundacja.radiopodlasie.pl\/index.php?rest_route=\/wp\/v2\/posts"}],"about":[{"href":"https:\/\/fundacja.radiopodlasie.pl\/index.php?rest_route=\/wp\/v2\/types\/post"}],"author":[{"embeddable":true,"href":"https:\/\/fundacja.radiopodlasie.pl\/index.php?rest_route=\/wp\/v2\/users\/1"}],"replies":[{"embeddable":true,"href":"https:\/\/fundacja.radiopodlasie.pl\/index.php?rest_route=%2Fwp%2Fv2%2Fcomments&post=200"}],"version-history":[{"count":1,"href":"https:\/\/fundacja.radiopodlasie.pl\/index.php?rest_route=\/wp\/v2\/posts\/200\/revisions"}],"predecessor-version":[{"id":202,"href":"https:\/\/fundacja.radiopodlasie.pl\/index.php?rest_route=\/wp\/v2\/posts\/200\/revisions\/202"}],"wp:featuredmedia":[{"embeddable":true,"href":"https:\/\/fundacja.radiopodlasie.pl\/index.php?rest_route=\/wp\/v2\/media\/201"}],"wp:attachment":[{"href":"https:\/\/fundacja.radiopodlasie.pl\/index.php?rest_route=%2Fwp%2Fv2%2Fmedia&parent=200"}],"wp:term":[{"taxonomy":"category","embeddable":true,"href":"https:\/\/fundacja.radiopodlasie.pl\/index.php?rest_route=%2Fwp%2Fv2%2Fcategories&post=200"},{"taxonomy":"post_tag","embeddable":true,"href":"https:\/\/fundacja.radiopodlasie.pl\/index.php?rest_route=%2Fwp%2Fv2%2Ftags&post=200"}],"curies":[{"name":"wp","href":"https:\/\/api.w.org\/{rel}","templated":true}]}}