{"id":203,"date":"2013-04-05T18:12:51","date_gmt":"2013-04-05T16:12:51","guid":{"rendered":"http:\/\/fundacja.radiopodlasie.pl\/?p=203"},"modified":"2013-11-22T18:16:06","modified_gmt":"2013-11-22T17:16:06","slug":"podlasie24-pl-rowniez-w-twoim-tablecie-i-smartfonie","status":"publish","type":"post","link":"https:\/\/fundacja.radiopodlasie.pl\/?p=203","title":{"rendered":"podlasie24.pl r\u00f3wnie\u017c w twoim tablecie i smartfonie"},"content":{"rendered":"<p>W sieci dost\u0119pna jest ju\u017c aplikacja mobilna, dzi\u0119ki kt\u00f3rej mo\u017cna przegl\u0105da\u0107 stron\u0119 Regionalnego Portalu Informacyjnego podlasie24.pl oraz s\u0142ucha\u0107 dw\u00f3ch kana\u0142\u00f3w Radia Podlasie. &#8211; Nasza fundacja udzieli\u0142a\u00a0 wsparcia w przygotowaniu mobilnej aplikacji na smatfony<\/p>\n<p><a href=\"http:\/\/podlasie24.pl\/\/wiadomosci\/z-regionu\/podlasie24.pl-rowniez-w-twoim-tablecie-i-smartfonie-dd8a.html\">Zobacz<\/p>\n<p><\/a><\/p>\n","protected":false},"excerpt":{"rendered":"<p>W sieci dost\u0119pna jest ju\u017c aplikacja mobilna, dzi\u0119ki kt\u00f3rej mo\u017cna przegl\u0105da\u0107 stron\u0119 Regionalnego Portalu Informacyjnego podlasie24.pl oraz s\u0142ucha\u0107 dw\u00f3ch kana\u0142\u00f3w Radia Podlasie. &#8211; Nasza fundacja udzieli\u0142a\u00a0 wsparcia w przygotowaniu mobilnej aplikacji na smatfony Zobacz<\/p>\n","protected":false},"author":1,"featured_media":204,"comment_status":"closed","ping_status":"open","sticky":false,"template":"","format":"standard","meta":{"ngg_post_thumbnail":0},"categories":[1],"tags":[],"_links":{"self":[{"href":"https:\/\/fundacja.radiopodlasie.pl\/index.php?rest_route=\/wp\/v2\/posts\/203"}],"collection":[{"href":"https:\/\/fundacja.radiopodlasie.pl\/index.php?rest_route=\/wp\/v2\/posts"}],"about":[{"href":"https:\/\/fundacja.radiopodlasie.pl\/index.php?rest_route=\/wp\/v2\/types\/post"}],"author":[{"embeddable":true,"href":"https:\/\/fundacja.radiopodlasie.pl\/index.php?rest_route=\/wp\/v2\/users\/1"}],"replies":[{"embeddable":true,"href":"https:\/\/fundacja.radiopodlasie.pl\/index.php?rest_route=%2Fwp%2Fv2%2Fcomments&post=203"}],"version-history":[{"count":1,"href":"https:\/\/fundacja.radiopodlasie.pl\/index.php?rest_route=\/wp\/v2\/posts\/203\/revisions"}],"predecessor-version":[{"id":205,"href":"https:\/\/fundacja.radiopodlasie.pl\/index.php?rest_route=\/wp\/v2\/posts\/203\/revisions\/205"}],"wp:featuredmedia":[{"embeddable":true,"href":"https:\/\/fundacja.radiopodlasie.pl\/index.php?rest_route=\/wp\/v2\/media\/204"}],"wp:attachment":[{"href":"https:\/\/fundacja.radiopodlasie.pl\/index.php?rest_route=%2Fwp%2Fv2%2Fmedia&parent=203"}],"wp:term":[{"taxonomy":"category","embeddable":true,"href":"https:\/\/fundacja.radiopodlasie.pl\/index.php?rest_route=%2Fwp%2Fv2%2Fcategories&post=203"},{"taxonomy":"post_tag","embeddable":true,"href":"https:\/\/fundacja.radiopodlasie.pl\/index.php?rest_route=%2Fwp%2Fv2%2Ftags&post=203"}],"curies":[{"name":"wp","href":"https:\/\/api.w.org\/{rel}","templated":true}]}}