{"id":206,"date":"2013-07-28T18:16:11","date_gmt":"2013-07-28T16:16:11","guid":{"rendered":"http:\/\/fundacja.radiopodlasie.pl\/?p=206"},"modified":"2013-11-22T18:19:16","modified_gmt":"2013-11-22T17:19:16","slug":"wsparcie-akcji-portret-parafii-wohyn","status":"publish","type":"post","link":"https:\/\/fundacja.radiopodlasie.pl\/?p=206","title":{"rendered":"Wsparcie akcji &#8222;Portret Parafii&#8221; &#8211; Wohy\u0144"},"content":{"rendered":"<p>Wsparcie akcji &#8222;Portret Parafii&#8221;, w ramach kt\u00f3rej program radiowy nadawany jest na \u017cywo z konkretnej parafii. W\u00f3z transmisyjny Radia Podlasie pojawi\u0142 si\u0119 w parafii Wohy\u0144<\/p>\n<p><a href=\"http:\/\/podlasie24.pl\/\/wiadomosci\/diec.-siedlecka\/portret-parafii-wohyn-\/audio\/-f2df.html\">Zobacz<\/p>\n<p><\/a><a href=\"http:\/\/archiwum.radiopodlasie.pl\/?cat=5255\">Pos\u0142uchaj<\/p>\n<p><\/a><\/p>\n<p>&nbsp;<\/p>\n","protected":false},"excerpt":{"rendered":"<p>Wsparcie akcji &#8222;Portret Parafii&#8221;, w ramach kt\u00f3rej program radiowy nadawany jest na \u017cywo z konkretnej parafii. W\u00f3z transmisyjny Radia Podlasie pojawi\u0142 si\u0119 w parafii Wohy\u0144 Zobacz Pos\u0142uchaj &nbsp;<\/p>\n","protected":false},"author":1,"featured_media":207,"comment_status":"closed","ping_status":"open","sticky":false,"template":"","format":"standard","meta":{"ngg_post_thumbnail":0},"categories":[1],"tags":[],"_links":{"self":[{"href":"https:\/\/fundacja.radiopodlasie.pl\/index.php?rest_route=\/wp\/v2\/posts\/206"}],"collection":[{"href":"https:\/\/fundacja.radiopodlasie.pl\/index.php?rest_route=\/wp\/v2\/posts"}],"about":[{"href":"https:\/\/fundacja.radiopodlasie.pl\/index.php?rest_route=\/wp\/v2\/types\/post"}],"author":[{"embeddable":true,"href":"https:\/\/fundacja.radiopodlasie.pl\/index.php?rest_route=\/wp\/v2\/users\/1"}],"replies":[{"embeddable":true,"href":"https:\/\/fundacja.radiopodlasie.pl\/index.php?rest_route=%2Fwp%2Fv2%2Fcomments&post=206"}],"version-history":[{"count":1,"href":"https:\/\/fundacja.radiopodlasie.pl\/index.php?rest_route=\/wp\/v2\/posts\/206\/revisions"}],"predecessor-version":[{"id":208,"href":"https:\/\/fundacja.radiopodlasie.pl\/index.php?rest_route=\/wp\/v2\/posts\/206\/revisions\/208"}],"wp:featuredmedia":[{"embeddable":true,"href":"https:\/\/fundacja.radiopodlasie.pl\/index.php?rest_route=\/wp\/v2\/media\/207"}],"wp:attachment":[{"href":"https:\/\/fundacja.radiopodlasie.pl\/index.php?rest_route=%2Fwp%2Fv2%2Fmedia&parent=206"}],"wp:term":[{"taxonomy":"category","embeddable":true,"href":"https:\/\/fundacja.radiopodlasie.pl\/index.php?rest_route=%2Fwp%2Fv2%2Fcategories&post=206"},{"taxonomy":"post_tag","embeddable":true,"href":"https:\/\/fundacja.radiopodlasie.pl\/index.php?rest_route=%2Fwp%2Fv2%2Ftags&post=206"}],"curies":[{"name":"wp","href":"https:\/\/api.w.org\/{rel}","templated":true}]}}