{"id":209,"date":"2013-05-05T18:19:38","date_gmt":"2013-05-05T16:19:38","guid":{"rendered":"http:\/\/fundacja.radiopodlasie.pl\/?p=209"},"modified":"2013-11-22T18:23:47","modified_gmt":"2013-11-22T17:23:47","slug":"wsparcie-akcji-portret-parafii-zyczyn","status":"publish","type":"post","link":"https:\/\/fundacja.radiopodlasie.pl\/?p=209","title":{"rendered":"Wsparcie akcji &#8222;Portret Parafii&#8221; &#8211; \u017byczyn"},"content":{"rendered":"<p>Wsparcie akcji &#8222;Portret Parafii&#8221;, w ramach kt\u00f3rej program radiowy nadawany jest na \u017cywo z konkretnej parafii. W\u00f3z transmisyjny Radia Podlasie pojawi\u0142 si\u0119 w parafii \u017byczyn<\/p>\n<p><a href=\"http:\/\/www.podlasie24.pl\/wiadomosci\/diec.-siedlecka\/portret-parafii-zyczyn-\/audio\/-e338.html\">Zobacz<\/a><\/p>\n<p><a href=\"http:\/\/archiwum.radiopodlasie.pl\/?cat=9780\">Pos\u0142uchaj<\/a><\/p>\n","protected":false},"excerpt":{"rendered":"<p>Wsparcie akcji &#8222;Portret Parafii&#8221;, w ramach kt\u00f3rej program radiowy nadawany jest na \u017cywo z konkretnej parafii. W\u00f3z transmisyjny Radia Podlasie pojawi\u0142 si\u0119 w parafii \u017byczyn Zobacz Pos\u0142uchaj<\/p>\n","protected":false},"author":1,"featured_media":210,"comment_status":"closed","ping_status":"open","sticky":false,"template":"","format":"standard","meta":{"ngg_post_thumbnail":0},"categories":[1],"tags":[],"_links":{"self":[{"href":"https:\/\/fundacja.radiopodlasie.pl\/index.php?rest_route=\/wp\/v2\/posts\/209"}],"collection":[{"href":"https:\/\/fundacja.radiopodlasie.pl\/index.php?rest_route=\/wp\/v2\/posts"}],"about":[{"href":"https:\/\/fundacja.radiopodlasie.pl\/index.php?rest_route=\/wp\/v2\/types\/post"}],"author":[{"embeddable":true,"href":"https:\/\/fundacja.radiopodlasie.pl\/index.php?rest_route=\/wp\/v2\/users\/1"}],"replies":[{"embeddable":true,"href":"https:\/\/fundacja.radiopodlasie.pl\/index.php?rest_route=%2Fwp%2Fv2%2Fcomments&post=209"}],"version-history":[{"count":1,"href":"https:\/\/fundacja.radiopodlasie.pl\/index.php?rest_route=\/wp\/v2\/posts\/209\/revisions"}],"predecessor-version":[{"id":211,"href":"https:\/\/fundacja.radiopodlasie.pl\/index.php?rest_route=\/wp\/v2\/posts\/209\/revisions\/211"}],"wp:featuredmedia":[{"embeddable":true,"href":"https:\/\/fundacja.radiopodlasie.pl\/index.php?rest_route=\/wp\/v2\/media\/210"}],"wp:attachment":[{"href":"https:\/\/fundacja.radiopodlasie.pl\/index.php?rest_route=%2Fwp%2Fv2%2Fmedia&parent=209"}],"wp:term":[{"taxonomy":"category","embeddable":true,"href":"https:\/\/fundacja.radiopodlasie.pl\/index.php?rest_route=%2Fwp%2Fv2%2Fcategories&post=209"},{"taxonomy":"post_tag","embeddable":true,"href":"https:\/\/fundacja.radiopodlasie.pl\/index.php?rest_route=%2Fwp%2Fv2%2Ftags&post=209"}],"curies":[{"name":"wp","href":"https:\/\/api.w.org\/{rel}","templated":true}]}}