{"id":212,"date":"2013-05-19T18:23:54","date_gmt":"2013-05-19T16:23:54","guid":{"rendered":"http:\/\/fundacja.radiopodlasie.pl\/?p=212"},"modified":"2013-11-22T18:26:43","modified_gmt":"2013-11-22T17:26:43","slug":"wsparcie-akcji-portret-parafii-wolynce","status":"publish","type":"post","link":"https:\/\/fundacja.radiopodlasie.pl\/?p=212","title":{"rendered":"Wsparcie akcji &#8222;Portret Parafii&#8221; &#8211; Wo\u0142y\u0144ce"},"content":{"rendered":"<p>Wsparcie akcji &#8222;Portret Parafii&#8221;, w ramach kt\u00f3rej program radiowy nadawany jest na \u017cywo z konkretnej parafii. W\u00f3z transmisyjny Radia Podlasie pojawi\u0142 si\u0119 w parafii Wo\u0142y\u0144ce<\/p>\n<p><a href=\"http:\/\/www.podlasie24.pl\/\/wiadomosci\/diec.-siedlecka\/portret-parafii-wolynce--e627.html\">Zobacz<\/a><\/p>\n<p><a href=\"http:\/\/archiwum.radiopodlasie.pl\/?cat=9819\">Pos\u0142uchaj<\/a><\/p>\n","protected":false},"excerpt":{"rendered":"<p>Wsparcie akcji &#8222;Portret Parafii&#8221;, w ramach kt\u00f3rej program radiowy nadawany jest na \u017cywo z konkretnej parafii. W\u00f3z transmisyjny Radia Podlasie pojawi\u0142 si\u0119 w parafii Wo\u0142y\u0144ce Zobacz Pos\u0142uchaj<\/p>\n","protected":false},"author":1,"featured_media":213,"comment_status":"closed","ping_status":"open","sticky":false,"template":"","format":"standard","meta":{"ngg_post_thumbnail":0},"categories":[1],"tags":[],"_links":{"self":[{"href":"https:\/\/fundacja.radiopodlasie.pl\/index.php?rest_route=\/wp\/v2\/posts\/212"}],"collection":[{"href":"https:\/\/fundacja.radiopodlasie.pl\/index.php?rest_route=\/wp\/v2\/posts"}],"about":[{"href":"https:\/\/fundacja.radiopodlasie.pl\/index.php?rest_route=\/wp\/v2\/types\/post"}],"author":[{"embeddable":true,"href":"https:\/\/fundacja.radiopodlasie.pl\/index.php?rest_route=\/wp\/v2\/users\/1"}],"replies":[{"embeddable":true,"href":"https:\/\/fundacja.radiopodlasie.pl\/index.php?rest_route=%2Fwp%2Fv2%2Fcomments&post=212"}],"version-history":[{"count":1,"href":"https:\/\/fundacja.radiopodlasie.pl\/index.php?rest_route=\/wp\/v2\/posts\/212\/revisions"}],"predecessor-version":[{"id":214,"href":"https:\/\/fundacja.radiopodlasie.pl\/index.php?rest_route=\/wp\/v2\/posts\/212\/revisions\/214"}],"wp:featuredmedia":[{"embeddable":true,"href":"https:\/\/fundacja.radiopodlasie.pl\/index.php?rest_route=\/wp\/v2\/media\/213"}],"wp:attachment":[{"href":"https:\/\/fundacja.radiopodlasie.pl\/index.php?rest_route=%2Fwp%2Fv2%2Fmedia&parent=212"}],"wp:term":[{"taxonomy":"category","embeddable":true,"href":"https:\/\/fundacja.radiopodlasie.pl\/index.php?rest_route=%2Fwp%2Fv2%2Fcategories&post=212"},{"taxonomy":"post_tag","embeddable":true,"href":"https:\/\/fundacja.radiopodlasie.pl\/index.php?rest_route=%2Fwp%2Fv2%2Ftags&post=212"}],"curies":[{"name":"wp","href":"https:\/\/api.w.org\/{rel}","templated":true}]}}