{"id":22,"date":"2011-02-08T16:54:02","date_gmt":"2011-02-08T15:54:02","guid":{"rendered":"https:\/\/fundacja.radiopodlasie.pl\/?p=22"},"modified":"2013-03-21T13:59:41","modified_gmt":"2013-03-21T12:59:41","slug":"konferencja-samorzadowcow-i-parlamentarzystow","status":"publish","type":"post","link":"https:\/\/fundacja.radiopodlasie.pl\/?p=22","title":{"rendered":"Konferencja samorz\u0105dowc\u00f3w i parlamentarzyst\u00f3w"},"content":{"rendered":"<p>W Urz\u0119dzie Miasta Siedlce odby\u0142a si\u0119 wsp\u00f3\u0142organizowana przez Fundacj\u0119 konferencja samorz\u0105dowc\u00f3w i parlamentarzyst\u00f3w.<\/p>\n<p>Spotkanie obj\u0119te by\u0142o patronatem Katolickiego Radia Podlasie i Prezydenta Miasta Siedlce. Uczestnicy spotkania omawiali dwa tematy.<\/p>\n<p>Pierwsz\u0105 kwesti\u0105 by\u0142o przyj\u0119cie wsp\u00f3lnego stanowiska i planu dzia\u0142a\u0144 w celu przywr\u00f3cenia cz\u0119\u015bci inwestycji drogowych w naszym regionie.<\/p>\n<p>Drugim tematem by\u0142o rozporz\u0105dzenie Ministerstwa Finans\u00f3w dotycz\u0105cego zmiany naliczania d\u0142ug\u00f3w samorz\u0105d\u00f3w.<\/p>\n<p>Przyj\u0119cie wsp\u00f3lnego stanowiska oraz przes\u0142anie pisma do ministr\u00f3w infrastruktury i finans\u00f3w to efekt pierwszego z cyklu spotka\u0144 parlamentarzyst\u00f3w i samorz\u0105dowc\u00f3w po\u015bwi\u0119conych problemom wschodniej cz\u0119\u015bci Mazowsza.<\/p>\n<hr \/>\n<p><strong>ZOBACZ:<\/strong><\/p>\n<h3><a href=\"http:\/\/podlasie24.pl\/\/wiadomosci\/z-regionu\/parlamentarzysci-apeluja-do-rzadu--podpisz-petycje---5ce3.html\">Parlamentarzy\u015bci apeluj\u0105 do rz\u0105du- podpisz petycj\u0119!<\/a><\/h3>\n<h3><a href=\"http:\/\/podlasie24.pl\/wiadomosci\/siedlce\/siedlce-spotkanie-samorzadowcow-z-regionu-w-sprawie-dlugu-publicznego-5cb4.html\">Siedlce: Spotkanie samorz\u0105dowc\u00f3w z regionu w sprawie d\u0142ugu publicznego<\/a><\/h3>\n<p>&nbsp;<\/p>\n","protected":false},"excerpt":{"rendered":"<p>W Urz\u0119dzie Miasta Siedlce odby\u0142a si\u0119 wsp\u00f3\u0142organizowana przez Fundacj\u0119 konferencja samorz\u0105dowc\u00f3w i parlamentarzyst\u00f3w. Spotkanie obj\u0119te by\u0142o patronatem Katolickiego Radia Podlasie i Prezydenta Miasta Siedlce. Uczestnicy spotkania omawiali dwa tematy. Pierwsz\u0105 kwesti\u0105 by\u0142o przyj\u0119cie wsp\u00f3lnego stanowiska i planu dzia\u0142a\u0144 w celu przywr\u00f3cenia cz\u0119\u015bci inwestycji drogowych w naszym regionie. Drugim tematem by\u0142o rozporz\u0105dzenie Ministerstwa Finans\u00f3w dotycz\u0105cego zmiany [&hellip;]<\/p>\n","protected":false},"author":1,"featured_media":69,"comment_status":"open","ping_status":"open","sticky":false,"template":"","format":"standard","meta":{"ngg_post_thumbnail":0},"categories":[1],"tags":[],"_links":{"self":[{"href":"https:\/\/fundacja.radiopodlasie.pl\/index.php?rest_route=\/wp\/v2\/posts\/22"}],"collection":[{"href":"https:\/\/fundacja.radiopodlasie.pl\/index.php?rest_route=\/wp\/v2\/posts"}],"about":[{"href":"https:\/\/fundacja.radiopodlasie.pl\/index.php?rest_route=\/wp\/v2\/types\/post"}],"author":[{"embeddable":true,"href":"https:\/\/fundacja.radiopodlasie.pl\/index.php?rest_route=\/wp\/v2\/users\/1"}],"replies":[{"embeddable":true,"href":"https:\/\/fundacja.radiopodlasie.pl\/index.php?rest_route=%2Fwp%2Fv2%2Fcomments&post=22"}],"version-history":[{"count":5,"href":"https:\/\/fundacja.radiopodlasie.pl\/index.php?rest_route=\/wp\/v2\/posts\/22\/revisions"}],"predecessor-version":[{"id":70,"href":"https:\/\/fundacja.radiopodlasie.pl\/index.php?rest_route=\/wp\/v2\/posts\/22\/revisions\/70"}],"wp:featuredmedia":[{"embeddable":true,"href":"https:\/\/fundacja.radiopodlasie.pl\/index.php?rest_route=\/wp\/v2\/media\/69"}],"wp:attachment":[{"href":"https:\/\/fundacja.radiopodlasie.pl\/index.php?rest_route=%2Fwp%2Fv2%2Fmedia&parent=22"}],"wp:term":[{"taxonomy":"category","embeddable":true,"href":"https:\/\/fundacja.radiopodlasie.pl\/index.php?rest_route=%2Fwp%2Fv2%2Fcategories&post=22"},{"taxonomy":"post_tag","embeddable":true,"href":"https:\/\/fundacja.radiopodlasie.pl\/index.php?rest_route=%2Fwp%2Fv2%2Ftags&post=22"}],"curies":[{"name":"wp","href":"https:\/\/api.w.org\/{rel}","templated":true}]}}