{"id":222,"date":"2013-07-07T18:34:51","date_gmt":"2013-07-07T16:34:51","guid":{"rendered":"http:\/\/fundacja.radiopodlasie.pl\/?p=222"},"modified":"2013-11-22T18:37:02","modified_gmt":"2013-11-22T17:37:02","slug":"wsparcie-akcji-portret-parafii-miedzyrzec-podl","status":"publish","type":"post","link":"https:\/\/fundacja.radiopodlasie.pl\/?p=222","title":{"rendered":"Wsparcie akcji &#8222;Portret Parafii&#8221; &#8211; Mi\u0119dzyrzec Podl."},"content":{"rendered":"<p>Wsparcie akcji &#8222;Portret Parafii&#8221;, w ramach kt\u00f3rej program radiowy nadawany jest na \u017cywo z konkretnej parafii. W\u00f3z transmisyjny Radia Podlasie pojawi\u0142 si\u0119 w parafii pw. \u015bw. Miko\u0142aja w Mi\u0119dzyrzecu Podlaskim<\/p>\n<p><a href=\"http:\/\/podlasie24.pl\/wiadomosci\/diec.-siedlecka\/portret-parafii-w-miedzyrzecu-podlaskim-ef20.html\">Zobacz<\/a><\/p>\n<p><a href=\"http:\/\/archiwum.radiopodlasie.pl\/?cat=10087\">Pos\u0142uchaj<\/a><\/p>\n","protected":false},"excerpt":{"rendered":"<p>Wsparcie akcji &#8222;Portret Parafii&#8221;, w ramach kt\u00f3rej program radiowy nadawany jest na \u017cywo z konkretnej parafii. W\u00f3z transmisyjny Radia Podlasie pojawi\u0142 si\u0119 w parafii pw. \u015bw. Miko\u0142aja w Mi\u0119dzyrzecu Podlaskim Zobacz Pos\u0142uchaj<\/p>\n","protected":false},"author":1,"featured_media":223,"comment_status":"closed","ping_status":"open","sticky":false,"template":"","format":"standard","meta":{"ngg_post_thumbnail":0},"categories":[1],"tags":[],"_links":{"self":[{"href":"https:\/\/fundacja.radiopodlasie.pl\/index.php?rest_route=\/wp\/v2\/posts\/222"}],"collection":[{"href":"https:\/\/fundacja.radiopodlasie.pl\/index.php?rest_route=\/wp\/v2\/posts"}],"about":[{"href":"https:\/\/fundacja.radiopodlasie.pl\/index.php?rest_route=\/wp\/v2\/types\/post"}],"author":[{"embeddable":true,"href":"https:\/\/fundacja.radiopodlasie.pl\/index.php?rest_route=\/wp\/v2\/users\/1"}],"replies":[{"embeddable":true,"href":"https:\/\/fundacja.radiopodlasie.pl\/index.php?rest_route=%2Fwp%2Fv2%2Fcomments&post=222"}],"version-history":[{"count":1,"href":"https:\/\/fundacja.radiopodlasie.pl\/index.php?rest_route=\/wp\/v2\/posts\/222\/revisions"}],"predecessor-version":[{"id":224,"href":"https:\/\/fundacja.radiopodlasie.pl\/index.php?rest_route=\/wp\/v2\/posts\/222\/revisions\/224"}],"wp:featuredmedia":[{"embeddable":true,"href":"https:\/\/fundacja.radiopodlasie.pl\/index.php?rest_route=\/wp\/v2\/media\/223"}],"wp:attachment":[{"href":"https:\/\/fundacja.radiopodlasie.pl\/index.php?rest_route=%2Fwp%2Fv2%2Fmedia&parent=222"}],"wp:term":[{"taxonomy":"category","embeddable":true,"href":"https:\/\/fundacja.radiopodlasie.pl\/index.php?rest_route=%2Fwp%2Fv2%2Fcategories&post=222"},{"taxonomy":"post_tag","embeddable":true,"href":"https:\/\/fundacja.radiopodlasie.pl\/index.php?rest_route=%2Fwp%2Fv2%2Ftags&post=222"}],"curies":[{"name":"wp","href":"https:\/\/api.w.org\/{rel}","templated":true}]}}