{"id":225,"date":"2013-06-24T18:37:09","date_gmt":"2013-06-24T16:37:09","guid":{"rendered":"http:\/\/fundacja.radiopodlasie.pl\/?p=225"},"modified":"2013-11-22T18:40:42","modified_gmt":"2013-11-22T17:40:42","slug":"vi-edycja-konkursu-wielka-czcionka-rozstrzygnieta","status":"publish","type":"post","link":"https:\/\/fundacja.radiopodlasie.pl\/?p=225","title":{"rendered":"VI edycja Konkursu Wielka Czcionka ROZSTRZYGNI\u0118TA"},"content":{"rendered":"<p>Gazetki z Radzynia Podlaskiego i Siedlec, strony internetowe z Bia\u0142ej Podlaskiej, Gr\u0119bkowa i Sarnak, zwyci\u0119\u017cy\u0142y w Konkursie Wielka Czcionka.<\/p>\n<p><a href=\"http:\/\/www.podlasie24.pl\/wiadomosci\/siedlce\/vi-edycja-konkursu-wielka-czcionka--rozstrzygnieta-ecf8.html\">Zobacz<\/p>\n<p><\/a><\/p>\n","protected":false},"excerpt":{"rendered":"<p>Gazetki z Radzynia Podlaskiego i Siedlec, strony internetowe z Bia\u0142ej Podlaskiej, Gr\u0119bkowa i Sarnak, zwyci\u0119\u017cy\u0142y w Konkursie Wielka Czcionka. Zobacz<\/p>\n","protected":false},"author":1,"featured_media":226,"comment_status":"closed","ping_status":"open","sticky":false,"template":"","format":"standard","meta":{"ngg_post_thumbnail":0},"categories":[1],"tags":[],"_links":{"self":[{"href":"https:\/\/fundacja.radiopodlasie.pl\/index.php?rest_route=\/wp\/v2\/posts\/225"}],"collection":[{"href":"https:\/\/fundacja.radiopodlasie.pl\/index.php?rest_route=\/wp\/v2\/posts"}],"about":[{"href":"https:\/\/fundacja.radiopodlasie.pl\/index.php?rest_route=\/wp\/v2\/types\/post"}],"author":[{"embeddable":true,"href":"https:\/\/fundacja.radiopodlasie.pl\/index.php?rest_route=\/wp\/v2\/users\/1"}],"replies":[{"embeddable":true,"href":"https:\/\/fundacja.radiopodlasie.pl\/index.php?rest_route=%2Fwp%2Fv2%2Fcomments&post=225"}],"version-history":[{"count":2,"href":"https:\/\/fundacja.radiopodlasie.pl\/index.php?rest_route=\/wp\/v2\/posts\/225\/revisions"}],"predecessor-version":[{"id":228,"href":"https:\/\/fundacja.radiopodlasie.pl\/index.php?rest_route=\/wp\/v2\/posts\/225\/revisions\/228"}],"wp:featuredmedia":[{"embeddable":true,"href":"https:\/\/fundacja.radiopodlasie.pl\/index.php?rest_route=\/wp\/v2\/media\/226"}],"wp:attachment":[{"href":"https:\/\/fundacja.radiopodlasie.pl\/index.php?rest_route=%2Fwp%2Fv2%2Fmedia&parent=225"}],"wp:term":[{"taxonomy":"category","embeddable":true,"href":"https:\/\/fundacja.radiopodlasie.pl\/index.php?rest_route=%2Fwp%2Fv2%2Fcategories&post=225"},{"taxonomy":"post_tag","embeddable":true,"href":"https:\/\/fundacja.radiopodlasie.pl\/index.php?rest_route=%2Fwp%2Fv2%2Ftags&post=225"}],"curies":[{"name":"wp","href":"https:\/\/api.w.org\/{rel}","templated":true}]}}