{"id":229,"date":"2013-06-23T18:43:50","date_gmt":"2013-06-23T16:43:50","guid":{"rendered":"http:\/\/fundacja.radiopodlasie.pl\/?p=229"},"modified":"2013-11-22T18:45:27","modified_gmt":"2013-11-22T17:45:27","slug":"radio-podlasie-swietowalo-w-pratulinie","status":"publish","type":"post","link":"https:\/\/fundacja.radiopodlasie.pl\/?p=229","title":{"rendered":"Radio Podlasie \u015bwi\u0119towa\u0142o w Pratulinie"},"content":{"rendered":"<p>W niedziel\u0119 23 czerwca w Sanktuarium B\u0142ogos\u0142awionych M\u0119czennik\u00f3w Podlaskich w Pratulinie zorganizowano obchody 21 -rocznicy powstania Katolickiego Radia Podlasie. Uroczysto\u015bciom jubileuszowym towarzyszy\u0142y: Diecezjalny Dzie\u0144 \u015awiadectwa Wiary oraz IV Pielgrzymka Samorz\u0105d\u00f3w i Samorz\u0105dowc\u00f3w.<\/p>\n<p><a href=\"http:\/\/podlasie24.pl\/wiadomosci\/diec.-siedlecka\/radio-podlasie-swietowalo-w-pratulinie-ecda.html\">Zobacz<\/p>\n<p><\/a><\/p>\n","protected":false},"excerpt":{"rendered":"<p>W niedziel\u0119 23 czerwca w Sanktuarium B\u0142ogos\u0142awionych M\u0119czennik\u00f3w Podlaskich w Pratulinie zorganizowano obchody 21 -rocznicy powstania Katolickiego Radia Podlasie. Uroczysto\u015bciom jubileuszowym towarzyszy\u0142y: Diecezjalny Dzie\u0144 \u015awiadectwa Wiary oraz IV Pielgrzymka Samorz\u0105d\u00f3w i Samorz\u0105dowc\u00f3w. Zobacz<\/p>\n","protected":false},"author":1,"featured_media":230,"comment_status":"closed","ping_status":"open","sticky":false,"template":"","format":"standard","meta":{"ngg_post_thumbnail":0},"categories":[1],"tags":[],"_links":{"self":[{"href":"https:\/\/fundacja.radiopodlasie.pl\/index.php?rest_route=\/wp\/v2\/posts\/229"}],"collection":[{"href":"https:\/\/fundacja.radiopodlasie.pl\/index.php?rest_route=\/wp\/v2\/posts"}],"about":[{"href":"https:\/\/fundacja.radiopodlasie.pl\/index.php?rest_route=\/wp\/v2\/types\/post"}],"author":[{"embeddable":true,"href":"https:\/\/fundacja.radiopodlasie.pl\/index.php?rest_route=\/wp\/v2\/users\/1"}],"replies":[{"embeddable":true,"href":"https:\/\/fundacja.radiopodlasie.pl\/index.php?rest_route=%2Fwp%2Fv2%2Fcomments&post=229"}],"version-history":[{"count":1,"href":"https:\/\/fundacja.radiopodlasie.pl\/index.php?rest_route=\/wp\/v2\/posts\/229\/revisions"}],"predecessor-version":[{"id":231,"href":"https:\/\/fundacja.radiopodlasie.pl\/index.php?rest_route=\/wp\/v2\/posts\/229\/revisions\/231"}],"wp:featuredmedia":[{"embeddable":true,"href":"https:\/\/fundacja.radiopodlasie.pl\/index.php?rest_route=\/wp\/v2\/media\/230"}],"wp:attachment":[{"href":"https:\/\/fundacja.radiopodlasie.pl\/index.php?rest_route=%2Fwp%2Fv2%2Fmedia&parent=229"}],"wp:term":[{"taxonomy":"category","embeddable":true,"href":"https:\/\/fundacja.radiopodlasie.pl\/index.php?rest_route=%2Fwp%2Fv2%2Fcategories&post=229"},{"taxonomy":"post_tag","embeddable":true,"href":"https:\/\/fundacja.radiopodlasie.pl\/index.php?rest_route=%2Fwp%2Fv2%2Ftags&post=229"}],"curies":[{"name":"wp","href":"https:\/\/api.w.org\/{rel}","templated":true}]}}