{"id":232,"date":"2013-10-10T18:46:30","date_gmt":"2013-10-10T16:46:30","guid":{"rendered":"http:\/\/fundacja.radiopodlasie.pl\/?p=232"},"modified":"2013-11-22T18:48:27","modified_gmt":"2013-11-22T17:48:27","slug":"jubileusz-kola-przyjaciol-w-bialej-podlaskiej","status":"publish","type":"post","link":"https:\/\/fundacja.radiopodlasie.pl\/?p=232","title":{"rendered":"Jubileusz Ko\u0142a Przyjaci\u00f3\u0142 w Bia\u0142ej Podlaskiej"},"content":{"rendered":"<p>Uroczysto\u015bci jubileuszowe rozpocz\u0119\u0142a Eucharystia w parafii Chrystusa Mi\u0142osiernego, sprawowana w intencji s\u0142uchaczy z Bia\u0142ej Podlaskiej.<\/p>\n<p><a href=\"http:\/\/www.radiopodlasie.pl\/wiadomosci\/jubileusz-kola-przyjaciol-w-bialej-podlaskiej-3c74.html\">Zobacz<\/p>\n<p><\/a><\/p>\n","protected":false},"excerpt":{"rendered":"<p>Uroczysto\u015bci jubileuszowe rozpocz\u0119\u0142a Eucharystia w parafii Chrystusa Mi\u0142osiernego, sprawowana w intencji s\u0142uchaczy z Bia\u0142ej Podlaskiej. Zobacz<\/p>\n","protected":false},"author":1,"featured_media":233,"comment_status":"closed","ping_status":"open","sticky":false,"template":"","format":"standard","meta":{"ngg_post_thumbnail":0},"categories":[1],"tags":[],"_links":{"self":[{"href":"https:\/\/fundacja.radiopodlasie.pl\/index.php?rest_route=\/wp\/v2\/posts\/232"}],"collection":[{"href":"https:\/\/fundacja.radiopodlasie.pl\/index.php?rest_route=\/wp\/v2\/posts"}],"about":[{"href":"https:\/\/fundacja.radiopodlasie.pl\/index.php?rest_route=\/wp\/v2\/types\/post"}],"author":[{"embeddable":true,"href":"https:\/\/fundacja.radiopodlasie.pl\/index.php?rest_route=\/wp\/v2\/users\/1"}],"replies":[{"embeddable":true,"href":"https:\/\/fundacja.radiopodlasie.pl\/index.php?rest_route=%2Fwp%2Fv2%2Fcomments&post=232"}],"version-history":[{"count":1,"href":"https:\/\/fundacja.radiopodlasie.pl\/index.php?rest_route=\/wp\/v2\/posts\/232\/revisions"}],"predecessor-version":[{"id":234,"href":"https:\/\/fundacja.radiopodlasie.pl\/index.php?rest_route=\/wp\/v2\/posts\/232\/revisions\/234"}],"wp:featuredmedia":[{"embeddable":true,"href":"https:\/\/fundacja.radiopodlasie.pl\/index.php?rest_route=\/wp\/v2\/media\/233"}],"wp:attachment":[{"href":"https:\/\/fundacja.radiopodlasie.pl\/index.php?rest_route=%2Fwp%2Fv2%2Fmedia&parent=232"}],"wp:term":[{"taxonomy":"category","embeddable":true,"href":"https:\/\/fundacja.radiopodlasie.pl\/index.php?rest_route=%2Fwp%2Fv2%2Fcategories&post=232"},{"taxonomy":"post_tag","embeddable":true,"href":"https:\/\/fundacja.radiopodlasie.pl\/index.php?rest_route=%2Fwp%2Fv2%2Ftags&post=232"}],"curies":[{"name":"wp","href":"https:\/\/api.w.org\/{rel}","templated":true}]}}