{"id":24,"date":"2011-03-05T16:56:11","date_gmt":"2011-03-05T15:56:11","guid":{"rendered":"http:\/\/fundacja.radiopodlasie.pl\/?p=24"},"modified":"2013-03-21T14:06:54","modified_gmt":"2013-03-21T13:06:54","slug":"sympozjum-in-vitro-i-co-dalej","status":"publish","type":"post","link":"https:\/\/fundacja.radiopodlasie.pl\/?p=24","title":{"rendered":"Sympozjum \u201eIn vitro i co dalej\u201d"},"content":{"rendered":"<p>5 marca 2011 w Centrum Kultury i Sztuki w Siedlcach odby\u0142o si\u0119 sympozjum pt.: \u201eIn vitro i co dalej\u201d.<\/p>\n<p>Prelegenci: J.E. Ks. Biskup Zbigniew Kiernikowski, Ordynariusz Diecezji Siedleckiej, Wojciech Kudelski, Prezydent Miasta Siedlce, dr n. med. Adam Marcheluk &#8211; Mazowiecki Szpital Wojew\u00f3dzki w Siedlcach, lek. Med. J\u00f3zef F\u0105k &#8211; Szpital Powiatowy w Mi\u0144sku Mazowieckim, prof. dr hab. n. med. Tadeusz Mazurczak &#8211; Instytut Matki i Dziecka w Warszawie, mgr Maria Jakimiuk Stowarzyszenie Psycholog\u00f3w Chrze\u015bcija\u0144skich, ks. prof. dr hab. Marian Machinek &#8211; Uniwersytet Warmi\u0144sko \u2013 Mazurski w Olsztynie, dr n. med. Jerzy Umiastowski, prof. dr hab. n. med. Bogdan Chazan &#8211; Szpital Ginekologiczno \u2013 Po\u0142o\u017cniczy im. \u015awi\u0119tej Rodziny w Warszawie, dr Maciej Barczentewicz &#8211; Macierzy\u0144stwo i \u017bycie \u2013 Poradnia Specjalistyczna.<br \/>\nSympozjum wsp\u00f3\u0142organizowa\u0142y: Kuria Diecezjalna Siedlecka, Collegium Mazovia Innowacyjna Szko\u0142a Wy\u017csza w Siedlcach, Miejski O\u015brodek Pomocy Rodzinie w Siedlcach, Centrum Kultury i Sztuki w Siedlcach.<\/p>\n<hr \/>\n<p><strong>ZOBACZ:<\/strong><\/p>\n<h3><a href=\"http:\/\/www.podlasie24.pl\/wiadomosci\/diec.-siedlecka\/siedlce-sympozjum-in-vitro-i-co-dalej-5e81.html\">SIEDLCE: Sympozjum \u201eIn vitro i co dalej\u201d<\/a><\/h3>\n<p>&nbsp;<\/p>\n","protected":false},"excerpt":{"rendered":"<p>5 marca 2011 w Centrum Kultury i Sztuki w Siedlcach odby\u0142o si\u0119 sympozjum pt.: \u201eIn vitro i co dalej\u201d. Prelegenci: J.E. Ks. Biskup Zbigniew Kiernikowski, Ordynariusz Diecezji Siedleckiej, Wojciech Kudelski, Prezydent Miasta Siedlce, dr n. med. Adam Marcheluk &#8211; Mazowiecki Szpital Wojew\u00f3dzki w Siedlcach, lek. Med. J\u00f3zef F\u0105k &#8211; Szpital Powiatowy w Mi\u0144sku Mazowieckim, prof. [&hellip;]<\/p>\n","protected":false},"author":1,"featured_media":67,"comment_status":"open","ping_status":"open","sticky":false,"template":"","format":"standard","meta":{"ngg_post_thumbnail":0},"categories":[1],"tags":[],"_links":{"self":[{"href":"https:\/\/fundacja.radiopodlasie.pl\/index.php?rest_route=\/wp\/v2\/posts\/24"}],"collection":[{"href":"https:\/\/fundacja.radiopodlasie.pl\/index.php?rest_route=\/wp\/v2\/posts"}],"about":[{"href":"https:\/\/fundacja.radiopodlasie.pl\/index.php?rest_route=\/wp\/v2\/types\/post"}],"author":[{"embeddable":true,"href":"https:\/\/fundacja.radiopodlasie.pl\/index.php?rest_route=\/wp\/v2\/users\/1"}],"replies":[{"embeddable":true,"href":"https:\/\/fundacja.radiopodlasie.pl\/index.php?rest_route=%2Fwp%2Fv2%2Fcomments&post=24"}],"version-history":[{"count":7,"href":"https:\/\/fundacja.radiopodlasie.pl\/index.php?rest_route=\/wp\/v2\/posts\/24\/revisions"}],"predecessor-version":[{"id":83,"href":"https:\/\/fundacja.radiopodlasie.pl\/index.php?rest_route=\/wp\/v2\/posts\/24\/revisions\/83"}],"wp:featuredmedia":[{"embeddable":true,"href":"https:\/\/fundacja.radiopodlasie.pl\/index.php?rest_route=\/wp\/v2\/media\/67"}],"wp:attachment":[{"href":"https:\/\/fundacja.radiopodlasie.pl\/index.php?rest_route=%2Fwp%2Fv2%2Fmedia&parent=24"}],"wp:term":[{"taxonomy":"category","embeddable":true,"href":"https:\/\/fundacja.radiopodlasie.pl\/index.php?rest_route=%2Fwp%2Fv2%2Fcategories&post=24"},{"taxonomy":"post_tag","embeddable":true,"href":"https:\/\/fundacja.radiopodlasie.pl\/index.php?rest_route=%2Fwp%2Fv2%2Ftags&post=24"}],"curies":[{"name":"wp","href":"https:\/\/api.w.org\/{rel}","templated":true}]}}