{"id":240,"date":"2013-11-30T14:32:51","date_gmt":"2013-11-30T13:32:51","guid":{"rendered":"http:\/\/fundacja.radiopodlasie.pl\/?p=240"},"modified":"2013-12-07T14:35:23","modified_gmt":"2013-12-07T13:35:23","slug":"debata-konsument-na-rynku-uslug-finansowych-na-uph","status":"publish","type":"post","link":"https:\/\/fundacja.radiopodlasie.pl\/?p=240","title":{"rendered":"Debata \u201eKonsument na rynku us\u0142ug finansowych\u201d na UPH"},"content":{"rendered":"<p>W pi\u0105tek 29 listopada w Bibliotece G\u0142\u00f3wnej Uniwersytetu Przyrodniczo-Humanistycznego w Siedlcach odby\u0142a si\u0119 debata pt. \u201eKonsument na rynku us\u0142ug finansowych\u201d. Celem debaty by\u0142a dyskusja nad problemami \u015bwiadomo\u015bci i bezpiecze\u0144stwa klient\u00f3w instytucji rynku finansowego.<br \/>\nNa pytania dotycz\u0105ce instytucji finansowych odpowiadali specjali\u015bci z dziedziny finans\u00f3w: prof. zw. dr hab. Jan K. Solarz &#8211; wyk\u0142adowca\u00a0 Spo\u0142ecznej Akademii Nauk w Warszawie, Beata \u017bak &#8211; wiceprezes Banku Sp\u00f3\u0142dzielczego w Soko\u0142owie Podlaskim i dr Janusz Szewczak &#8211; g\u0142\u00f3wny ekonomista SKOK. S\u0142uchaczami debaty byli studenci, dlatego przybra\u0142a ona charakter edukacyjny. Przedmiotem debaty by\u0142 rynek instytucji parabankowych, bezpiecze\u0144stwo rynku finansowego i zasady poruszania si\u0119 po rynku finansowym, czyli wszystko to co, mo\u017ce czeka\u0107 m\u0142odych ludzi w kontaktach z instytucjami finansowymi. -,,Kryzys spowodowa\u0142 utrat\u0119 zaufania do sektora bankowego. To, co wyczynia\u0142y banki przez ostatnie lata w skali \u015bwiatowej i europejskiej przyczyni\u0142o si\u0119 do utraty tego zaufania. \u017badna struktura mafijna na \u015bwiecie nie powstydzi\u0142aby si\u0119 tego typu dzia\u0142a\u0144: pranie pieni\u0119dzy karteli narkotykowych, finansowanie handlu broni\u0105, fa\u0142szowanie bilans\u00f3w i statystyk, czy wciskanie klientom niekorzystnych ofert kredytowych, tzw. kredyty na puls w Stanach Zjednoczonych\u201d.<\/p>\n<p>Debacie przewodniczyli Grzegorz Skwarek \u2013 Dyrektor Strategiczny Katolickiego Radia Podlasie i dr Beata Doma\u0144ska-Szaruga, Katedry Nauk Ekonomicznych UPH.<\/p>\n<p>Organizatorami debaty byli: fundacja Podlaskie Centrum Radiowe, Katolickie Radio Podlasie oraz Wydzia\u0142 Nauk Ekonomicznych i Prawnych Uniwersytetu Przyrodniczo-Humanistycznego w Siedlcach.<\/p>\n<p><a href=\"http:\/\/www.podlasie24.pl\/wiadomosci\/siedlce\/debata-konsument-na-rynku-uslug-finansowych-na-uph-10998.html\">zobacz wi\u0119cej<\/a><\/p>\n<p>&nbsp;<\/p>\n","protected":false},"excerpt":{"rendered":"<p>W pi\u0105tek 29 listopada w Bibliotece G\u0142\u00f3wnej Uniwersytetu Przyrodniczo-Humanistycznego w Siedlcach odby\u0142a si\u0119 debata pt. \u201eKonsument na rynku us\u0142ug finansowych\u201d. Celem debaty by\u0142a dyskusja nad problemami \u015bwiadomo\u015bci i bezpiecze\u0144stwa klient\u00f3w instytucji rynku finansowego. Na pytania dotycz\u0105ce instytucji finansowych odpowiadali specjali\u015bci z dziedziny finans\u00f3w: prof. zw. dr hab. Jan K. Solarz &#8211; wyk\u0142adowca\u00a0 Spo\u0142ecznej Akademii Nauk [&hellip;]<\/p>\n","protected":false},"author":1,"featured_media":241,"comment_status":"closed","ping_status":"open","sticky":false,"template":"","format":"standard","meta":{"ngg_post_thumbnail":0},"categories":[1],"tags":[],"_links":{"self":[{"href":"https:\/\/fundacja.radiopodlasie.pl\/index.php?rest_route=\/wp\/v2\/posts\/240"}],"collection":[{"href":"https:\/\/fundacja.radiopodlasie.pl\/index.php?rest_route=\/wp\/v2\/posts"}],"about":[{"href":"https:\/\/fundacja.radiopodlasie.pl\/index.php?rest_route=\/wp\/v2\/types\/post"}],"author":[{"embeddable":true,"href":"https:\/\/fundacja.radiopodlasie.pl\/index.php?rest_route=\/wp\/v2\/users\/1"}],"replies":[{"embeddable":true,"href":"https:\/\/fundacja.radiopodlasie.pl\/index.php?rest_route=%2Fwp%2Fv2%2Fcomments&post=240"}],"version-history":[{"count":3,"href":"https:\/\/fundacja.radiopodlasie.pl\/index.php?rest_route=\/wp\/v2\/posts\/240\/revisions"}],"predecessor-version":[{"id":244,"href":"https:\/\/fundacja.radiopodlasie.pl\/index.php?rest_route=\/wp\/v2\/posts\/240\/revisions\/244"}],"wp:featuredmedia":[{"embeddable":true,"href":"https:\/\/fundacja.radiopodlasie.pl\/index.php?rest_route=\/wp\/v2\/media\/241"}],"wp:attachment":[{"href":"https:\/\/fundacja.radiopodlasie.pl\/index.php?rest_route=%2Fwp%2Fv2%2Fmedia&parent=240"}],"wp:term":[{"taxonomy":"category","embeddable":true,"href":"https:\/\/fundacja.radiopodlasie.pl\/index.php?rest_route=%2Fwp%2Fv2%2Fcategories&post=240"},{"taxonomy":"post_tag","embeddable":true,"href":"https:\/\/fundacja.radiopodlasie.pl\/index.php?rest_route=%2Fwp%2Fv2%2Ftags&post=240"}],"curies":[{"name":"wp","href":"https:\/\/api.w.org\/{rel}","templated":true}]}}