{"id":245,"date":"2013-12-03T14:54:58","date_gmt":"2013-12-03T13:54:58","guid":{"rendered":"http:\/\/fundacja.radiopodlasie.pl\/?p=245"},"modified":"2013-12-07T14:56:03","modified_gmt":"2013-12-07T13:56:03","slug":"dzieki-ze-jestes-swiateczna-akcja","status":"publish","type":"post","link":"https:\/\/fundacja.radiopodlasie.pl\/?p=245","title":{"rendered":"\u201eDzi\u0119ki, \u017ce jeste\u015b\u2026\u201d \u2013 \u015bwi\u0105teczna akcja"},"content":{"rendered":"<p>\u201eDzi\u0119ki, \u017ce jeste\u015b\u2026\u201d to has\u0142o \u015bwi\u0105tecznej akcji organizowanej przez Katolickie Radio Podlasie, Regionalny Portal Informacyjny podlasie24.pl, Ko\u0142o Przyjaci\u00f3\u0142 Radia Podlasie oraz partner\u00f3w: Zak\u0142ady Mi\u0119sne \u0141-meat \u0141uk\u00f3w SA, Zak\u0142ad Mi\u0119sny Wierzejki, Sp\u00f3\u0142dzielni\u0119 Mleczarsk\u0105 RYKI, Siedleck\u0105 Sp\u00f3\u0142dzielni\u0119 Mleczarsk\u0105 oraz Drukarni\u0119 IWONEX. Akcja ma na celu podkre\u015blenie roli i docenienie os\u00f3b starszych i samotnych w naszym \u017cyciu.<strong><br \/>\n<\/strong><br \/>\n&#8211; Chcemy sprawi\u0107, by te najbardziej rodzinne \u015bwi\u0119ta by\u0142y rado\u015bniejsze tak\u017ce dla tych, kt\u00f3rym tak wiele zawdzi\u0119czamy na co dzie\u0144. Poza miejscem przy wigilijnym stole pragniemy przekaza\u0107 podarunki od tych, kt\u00f3rym wy\u015bwiadczyli w tym roku wiele dobra. \u2013 m\u00f3wi Grzegorz Skwarek Dyrektor Strategiczny Radia Podlasie.<\/p>\n<p>W pierwszym etapie akcji zach\u0119camy s\u0142uchaczy Radia Podlasie i czytelnik\u00f3w portalu podlasie24.pl o przesy\u0142anie na adres radia lub portalu albo za po\u015brednictwem K\u00f3\u0142 Przyjaci\u00f3\u0142 KRP &#8211; kr\u00f3tkich opowie\u015bci o samotnych s\u0105siadach, znajomych, od kt\u00f3rych w tym roku do\u015bwiadczyli dobra w ka\u017cdej postaci.<\/p>\n<p>&#8211; 100 os\u00f3b, o kt\u00f3rych Pa\u0144stwo opowiecie naszym dziennikarzom lub sami napiszecie ich historie, otrzyma specjalne paczki \u015bwi\u0105teczne. \u2013 dodaje Grzegorz Skwarek.<\/p>\n<p>Opowie\u015bci \u2013 zg\u0142oszenia, wraz ze zgod\u0105 na ich publikacj\u0119, mo\u017cna przesy\u0142a\u0107 <strong>do 14 grudnia <\/strong>na adres:<\/p>\n<p><strong>Katolickie Radio Podlasie<br \/>\nUlica Bpa I. \u015awirskiego 56<br \/>\n08 &#8211; 110 Siedlce <\/strong><\/p>\n<p>Jeszcze przed \u015bwi\u0119tami \u2013 specjalne paczki z artyku\u0142ami spo\u017cywczymi, ufundowane przez partner\u00f3w akcji trafi\u0105 do 100 spo\u015br\u00f3d zg\u0142oszonych os\u00f3b.<\/p>\n","protected":false},"excerpt":{"rendered":"<p>\u201eDzi\u0119ki, \u017ce jeste\u015b\u2026\u201d to has\u0142o \u015bwi\u0105tecznej akcji organizowanej przez Katolickie Radio Podlasie, Regionalny Portal Informacyjny podlasie24.pl, Ko\u0142o Przyjaci\u00f3\u0142 Radia Podlasie oraz partner\u00f3w: Zak\u0142ady Mi\u0119sne \u0141-meat \u0141uk\u00f3w SA, Zak\u0142ad Mi\u0119sny Wierzejki, Sp\u00f3\u0142dzielni\u0119 Mleczarsk\u0105 RYKI, Siedleck\u0105 Sp\u00f3\u0142dzielni\u0119 Mleczarsk\u0105 oraz Drukarni\u0119 IWONEX. Akcja ma na celu podkre\u015blenie roli i docenienie os\u00f3b starszych i samotnych w naszym \u017cyciu. &#8211; [&hellip;]<\/p>\n","protected":false},"author":1,"featured_media":246,"comment_status":"closed","ping_status":"open","sticky":false,"template":"","format":"standard","meta":{"ngg_post_thumbnail":0},"categories":[1],"tags":[],"_links":{"self":[{"href":"https:\/\/fundacja.radiopodlasie.pl\/index.php?rest_route=\/wp\/v2\/posts\/245"}],"collection":[{"href":"https:\/\/fundacja.radiopodlasie.pl\/index.php?rest_route=\/wp\/v2\/posts"}],"about":[{"href":"https:\/\/fundacja.radiopodlasie.pl\/index.php?rest_route=\/wp\/v2\/types\/post"}],"author":[{"embeddable":true,"href":"https:\/\/fundacja.radiopodlasie.pl\/index.php?rest_route=\/wp\/v2\/users\/1"}],"replies":[{"embeddable":true,"href":"https:\/\/fundacja.radiopodlasie.pl\/index.php?rest_route=%2Fwp%2Fv2%2Fcomments&post=245"}],"version-history":[{"count":2,"href":"https:\/\/fundacja.radiopodlasie.pl\/index.php?rest_route=\/wp\/v2\/posts\/245\/revisions"}],"predecessor-version":[{"id":248,"href":"https:\/\/fundacja.radiopodlasie.pl\/index.php?rest_route=\/wp\/v2\/posts\/245\/revisions\/248"}],"wp:featuredmedia":[{"embeddable":true,"href":"https:\/\/fundacja.radiopodlasie.pl\/index.php?rest_route=\/wp\/v2\/media\/246"}],"wp:attachment":[{"href":"https:\/\/fundacja.radiopodlasie.pl\/index.php?rest_route=%2Fwp%2Fv2%2Fmedia&parent=245"}],"wp:term":[{"taxonomy":"category","embeddable":true,"href":"https:\/\/fundacja.radiopodlasie.pl\/index.php?rest_route=%2Fwp%2Fv2%2Fcategories&post=245"},{"taxonomy":"post_tag","embeddable":true,"href":"https:\/\/fundacja.radiopodlasie.pl\/index.php?rest_route=%2Fwp%2Fv2%2Ftags&post=245"}],"curies":[{"name":"wp","href":"https:\/\/api.w.org\/{rel}","templated":true}]}}