{"id":28,"date":"2011-06-19T16:59:14","date_gmt":"2011-06-19T14:59:14","guid":{"rendered":"http:\/\/fundacja.radiopodlasie.pl\/?p=28"},"modified":"2013-03-21T14:05:33","modified_gmt":"2013-03-21T13:05:33","slug":"zapraszamy-do-pratulina","status":"publish","type":"post","link":"https:\/\/fundacja.radiopodlasie.pl\/?p=28","title":{"rendered":"Zapraszamy do Pratulina"},"content":{"rendered":"<p><b>19 czerwca 2011<\/b> roku w Pratulinie zorganizowano Diecezjalne Dzi\u0119kczynienie za Pontyfikat i Beatyfikacj\u0119 Jana Paw\u0142a II. Uroczysto\u015bci po\u0142\u0105czone by\u0142y z obchodami 19. rocznicy powstania Katolickiego Radia Podlasie oraz z II Diecezjaln\u0105 Pielgrzymk\u0105 Samorz\u0105dowc\u00f3w.<\/p>\n<hr \/>\n<p><strong>ZOBACZ:<\/strong><\/p>\n<h3><a href=\"http:\/\/podlasie24.pl\/\/wiadomosci\/zapraszamy-do-pratulina-6eb3.html\">Zapraszamy do Pratulina<\/a><\/h3>\n<p>&nbsp;<\/p>\n<p>&nbsp;<\/p>\n","protected":false},"excerpt":{"rendered":"<p>19 czerwca 2011 roku w Pratulinie zorganizowano Diecezjalne Dzi\u0119kczynienie za Pontyfikat i Beatyfikacj\u0119 Jana Paw\u0142a II. Uroczysto\u015bci po\u0142\u0105czone by\u0142y z obchodami 19. rocznicy powstania Katolickiego Radia Podlasie oraz z II Diecezjaln\u0105 Pielgrzymk\u0105 Samorz\u0105dowc\u00f3w. ZOBACZ: Zapraszamy do Pratulina &nbsp; &nbsp;<\/p>\n","protected":false},"author":1,"featured_media":65,"comment_status":"open","ping_status":"open","sticky":false,"template":"","format":"standard","meta":{"ngg_post_thumbnail":0},"categories":[1],"tags":[],"_links":{"self":[{"href":"https:\/\/fundacja.radiopodlasie.pl\/index.php?rest_route=\/wp\/v2\/posts\/28"}],"collection":[{"href":"https:\/\/fundacja.radiopodlasie.pl\/index.php?rest_route=\/wp\/v2\/posts"}],"about":[{"href":"https:\/\/fundacja.radiopodlasie.pl\/index.php?rest_route=\/wp\/v2\/types\/post"}],"author":[{"embeddable":true,"href":"https:\/\/fundacja.radiopodlasie.pl\/index.php?rest_route=\/wp\/v2\/users\/1"}],"replies":[{"embeddable":true,"href":"https:\/\/fundacja.radiopodlasie.pl\/index.php?rest_route=%2Fwp%2Fv2%2Fcomments&post=28"}],"version-history":[{"count":7,"href":"https:\/\/fundacja.radiopodlasie.pl\/index.php?rest_route=\/wp\/v2\/posts\/28\/revisions"}],"predecessor-version":[{"id":82,"href":"https:\/\/fundacja.radiopodlasie.pl\/index.php?rest_route=\/wp\/v2\/posts\/28\/revisions\/82"}],"wp:featuredmedia":[{"embeddable":true,"href":"https:\/\/fundacja.radiopodlasie.pl\/index.php?rest_route=\/wp\/v2\/media\/65"}],"wp:attachment":[{"href":"https:\/\/fundacja.radiopodlasie.pl\/index.php?rest_route=%2Fwp%2Fv2%2Fmedia&parent=28"}],"wp:term":[{"taxonomy":"category","embeddable":true,"href":"https:\/\/fundacja.radiopodlasie.pl\/index.php?rest_route=%2Fwp%2Fv2%2Fcategories&post=28"},{"taxonomy":"post_tag","embeddable":true,"href":"https:\/\/fundacja.radiopodlasie.pl\/index.php?rest_route=%2Fwp%2Fv2%2Ftags&post=28"}],"curies":[{"name":"wp","href":"https:\/\/api.w.org\/{rel}","templated":true}]}}