{"id":30,"date":"2011-08-20T17:00:28","date_gmt":"2011-08-20T15:00:28","guid":{"rendered":"http:\/\/fundacja.radiopodlasie.pl\/?p=30"},"modified":"2013-03-21T14:24:27","modified_gmt":"2013-03-21T13:24:27","slug":"radiowe-podroze-male-i-duze","status":"publish","type":"post","link":"https:\/\/fundacja.radiopodlasie.pl\/?p=30","title":{"rendered":"\u201eRadiowe podr\u00f3\u017ce \u2026 ma\u0142e i du\u017ce\u201d"},"content":{"rendered":"<p><b>Lipiec \u2013 sierpie\u0144 2012<\/b> \u2013 Z inicjatywy Fundacji powsta\u0142 cykl audycji i publikacji internetowych pod nazw\u0105 \u201eRadiowe podr\u00f3\u017ce \u2026 ma\u0142e i du\u017ce\u201d, kt\u00f3rych celem by\u0142a promocja turystyczna ciekawych miejsc w regionie oraz w kraju.<\/p>\n<hr \/>\n<p><strong>ZOBACZ:<\/strong><br \/>\n<a href=\"http:\/\/podlasie24.pl\/\/wiadomosci\/andrzej-ilczuk-polecabialowieze-i-przejazdzki-puszczanska-koleja-drezynowa-7304.html\">Andrzej Ilczuk poleca\u2026Bia\u0142owie\u017c\u0119 i przeja\u017cd\u017cki Puszcza\u0144sk\u0105 Kolej\u0105 Drezynow\u0105<\/a><\/p>\n<p><a href=\"http:\/\/podlasie24.pl\/wiadomosci\/kretepoleca-joanna-kuczborska-727f.html\">Kret\u0119\u2026poleca Joanna Kuczborska<\/a><\/p>\n<p><a href=\"http:\/\/podlasie24.pl\/\/wiadomosci\/chorwacjepoleca-anna-laszuk-73e4.html\">Chorwacj\u0119\u2026poleca Anna Laszuk<\/a><\/p>\n<p><a href=\"http:\/\/podlasie24.pl\/wiadomosci\/najpiekniejsze-miejsca-w-naszym-regionie-poleca-ks.-slawomir-kapitan--79dc.html\">Najpi\u0119kniejsze miejsca w naszym regionie\u2026 poleca ks. S\u0142awomir Kapitan<\/a><\/p>\n<p><a href=\"http:\/\/podlasie24.pl\/wiadomosci\/kock-i-okolice...poleca-ks.-krzysztof-pelka-71a1.html\">Kock i okolice&#8230;poleca ks. Krzysztof Pe\u0142ka<\/a><\/p>\n<p><a href=\"http:\/\/podlasie24.pl\/wiadomosci\/ciekawe-miejsca-na-mazurach..-poleca-edyta-lukaszewska-77a6.html\">Ciekawe miejsca na Mazurach\u2026.. poleca Edyta \u0141ukaszewska<\/a><\/p>\n<p><a href=\"http:\/\/podlasie24.pl\/\/wiadomosci\/z-regionu\/ziemia-swieta.-poleca-grzegorz-skwarek-galeria-7165.html\">Ziemia \u015awi\u0119ta. Poleca Grzegorz Skwarek (GALERIA)<\/a><\/p>\n<p><a href=\"http:\/\/podlasie24.pl\/wiadomosci\/z-regionu\/nowa-hute-poleca-ks.-artur-plachno-----70d1.html\">Now\u0105 Hut\u0119 poleca ks. Artur P\u0142achno<\/a><\/p>\n<p><a href=\"http:\/\/podlasie24.pl\/wiadomosci\/gmine-sarnaki-poleca-magda-szewczuk-72ad.html\">Gmin\u0119 Sarnaki\u2026 poleca Magda Szewczuk<\/a><\/p>\n<p><a href=\"http:\/\/podlasie24.pl\/wiadomosci\/z-regionu\/zamek-w-liwie-kolo-wegrowa-poleca-julita-giers-7136.html\">Zamek w Liwie ko\u0142o W\u0119growa\u2026 poleca Julita Giers<\/a><\/p>\n<p><a href=\"http:\/\/podlasie24.pl\/wiadomosci\/siedlce\/jastrzebia-gore-poleca-anna-kaszczyc-71b6.html\">Jastrz\u0119bi\u0105 G\u00f3r\u0119\u2026 poleca Anna Kaszczyc<\/a><\/p>\n<p><a href=\"http:\/\/podlasie24.pl\/wiadomosci\/z-kraju\/slowacki-raj-poleca-ks.-slawomir-kapitan-706f.html\">S\u0142owacki Raj\u2026 poleca ks. S\u0142awomir Kapitan<\/a><\/p>\n<p><a href=\"http:\/\/podlasie24.pl\/\/wiadomosci\/lukow\/park-miniatur---poleca-anna-kupinska-70a7.html\">Park Miniatur \u2026 poleca Anna Kupi\u0144ska<\/a><\/p>\n<p><a href=\"http:\/\/podlasie24.pl\/wiadomosci\/tomasz-goska-poleca...-viterbo-72da.html\">Tomasz Goska poleca&#8230; Viterbo<\/a><\/p>\n<p><a href=\"http:\/\/podlasie24.pl\/wiadomosci\/z-regionu\/murzasichle--poleca-agnieszka-bolewska-iwaniuk-707a.html\">Murzasichle \u2026 poleca Agnieszka Bolewska Iwaniuk<\/a><\/p>\n<p><a href=\"http:\/\/podlasie24.pl\/wiadomosci\/piwniczna-zdroj-poleca-slawomir-karczewski-722a.html\">Piwniczn\u0105-Zdr\u00f3j\u2026 poleca S\u0142awomir Karczewski<\/a><\/p>\n<p><a href=\"http:\/\/podlasie24.pl\/wiadomosci\/gory-rodnianskie-w-rumunii-poleca-adam-bialczak-7366.html\">G\u00f3ry Rodnia\u0144skie w Rumunii poleca Adam Bia\u0142czak<\/a><\/p>\n<p><a href=\"http:\/\/podlasie24.pl\/wiadomosci\/marcin-jablkowski-poleca...-wedkowanie-nad-jeziorem-mielno-732f.html\">Marcin Jab\u0142kowski poleca&#8230; w\u0119dkowanie nad jeziorem Mielno<\/a><\/p>\n","protected":false},"excerpt":{"rendered":"<p>Lipiec \u2013 sierpie\u0144 2012 \u2013 Z inicjatywy Fundacji powsta\u0142 cykl audycji i publikacji internetowych pod nazw\u0105 \u201eRadiowe podr\u00f3\u017ce \u2026 ma\u0142e i du\u017ce\u201d, kt\u00f3rych celem by\u0142a promocja turystyczna ciekawych miejsc w regionie oraz w kraju. ZOBACZ: Andrzej Ilczuk poleca\u2026Bia\u0142owie\u017c\u0119 i przeja\u017cd\u017cki Puszcza\u0144sk\u0105 Kolej\u0105 Drezynow\u0105 Kret\u0119\u2026poleca Joanna Kuczborska Chorwacj\u0119\u2026poleca Anna Laszuk Najpi\u0119kniejsze miejsca w naszym regionie\u2026 poleca [&hellip;]<\/p>\n","protected":false},"author":1,"featured_media":62,"comment_status":"open","ping_status":"open","sticky":false,"template":"","format":"standard","meta":{"ngg_post_thumbnail":0},"categories":[1],"tags":[],"_links":{"self":[{"href":"https:\/\/fundacja.radiopodlasie.pl\/index.php?rest_route=\/wp\/v2\/posts\/30"}],"collection":[{"href":"https:\/\/fundacja.radiopodlasie.pl\/index.php?rest_route=\/wp\/v2\/posts"}],"about":[{"href":"https:\/\/fundacja.radiopodlasie.pl\/index.php?rest_route=\/wp\/v2\/types\/post"}],"author":[{"embeddable":true,"href":"https:\/\/fundacja.radiopodlasie.pl\/index.php?rest_route=\/wp\/v2\/users\/1"}],"replies":[{"embeddable":true,"href":"https:\/\/fundacja.radiopodlasie.pl\/index.php?rest_route=%2Fwp%2Fv2%2Fcomments&post=30"}],"version-history":[{"count":7,"href":"https:\/\/fundacja.radiopodlasie.pl\/index.php?rest_route=\/wp\/v2\/posts\/30\/revisions"}],"predecessor-version":[{"id":84,"href":"https:\/\/fundacja.radiopodlasie.pl\/index.php?rest_route=\/wp\/v2\/posts\/30\/revisions\/84"}],"wp:featuredmedia":[{"embeddable":true,"href":"https:\/\/fundacja.radiopodlasie.pl\/index.php?rest_route=\/wp\/v2\/media\/62"}],"wp:attachment":[{"href":"https:\/\/fundacja.radiopodlasie.pl\/index.php?rest_route=%2Fwp%2Fv2%2Fmedia&parent=30"}],"wp:term":[{"taxonomy":"category","embeddable":true,"href":"https:\/\/fundacja.radiopodlasie.pl\/index.php?rest_route=%2Fwp%2Fv2%2Fcategories&post=30"},{"taxonomy":"post_tag","embeddable":true,"href":"https:\/\/fundacja.radiopodlasie.pl\/index.php?rest_route=%2Fwp%2Fv2%2Ftags&post=30"}],"curies":[{"name":"wp","href":"https:\/\/api.w.org\/{rel}","templated":true}]}}