{"id":305,"date":"2016-01-01T14:03:41","date_gmt":"2016-01-01T13:03:41","guid":{"rendered":"http:\/\/fundacja.radiopodlasie.pl\/?p=305"},"modified":"2018-01-24T16:50:21","modified_gmt":"2018-01-24T15:50:21","slug":"1-procent-na-fundacje-podlaskie-centrum-radiowe","status":"publish","type":"post","link":"https:\/\/fundacja.radiopodlasie.pl\/?p=305","title":{"rendered":"1 procent na Fundacj\u0119 Podlaskie Centrum Radiowe"},"content":{"rendered":"<h1 style=\"text-align: center;\"><strong><a href=\"http:\/\/fundacja.radiopodlasie.pl\/wp-content\/uploads\/2015\/01\/1procent-d.jpg\"><img decoding=\"async\" loading=\"lazy\" class=\"alignnone size-medium wp-image-306\" src=\"http:\/\/fundacja.radiopodlasie.pl\/wp-content\/uploads\/2015\/01\/1procent-d-300x170.jpg\" alt=\"1procent-d\" width=\"300\" height=\"170\" srcset=\"https:\/\/fundacja.radiopodlasie.pl\/wp-content\/uploads\/2015\/01\/1procent-d-300x170.jpg 300w, https:\/\/fundacja.radiopodlasie.pl\/wp-content\/uploads\/2015\/01\/1procent-d.jpg 591w\" sizes=\"(max-width: 300px) 100vw, 300px\" \/><\/a><\/strong><\/h1>\n<h1 style=\"text-align: center;\">&nbsp;<a href=\"http:\/\/www.asystentpit.pl\/\" rel=\"attachment wp-att-504\"><img decoding=\"async\" loading=\"lazy\" class=\"aligncenter wp-image-504 size-full\" src=\"http:\/\/fundacja.radiopodlasie.pl\/wp-content\/uploads\/2014\/01\/Asy17_lb.png\" alt=\"\" width=\"728\" height=\"90\" srcset=\"https:\/\/fundacja.radiopodlasie.pl\/wp-content\/uploads\/2014\/01\/Asy17_lb.png 728w, https:\/\/fundacja.radiopodlasie.pl\/wp-content\/uploads\/2014\/01\/Asy17_lb-300x37.png 300w\" sizes=\"(max-width: 728px) 100vw, 728px\" \/><\/a><\/h1>\n<h1 style=\"text-align: center;\"><strong>KRS &nbsp; 0000 37 22 77<\/strong><\/h1>\n<p><strong>Wpisuj\u0105c w zeznaniu podatkowym powy\u017cszy numer KRS mog\u0105 Pa\u0144stwo wesprze\u0107&nbsp; za po\u015brednictwem Fundacji Podlaskie Centrum Radiowe, dzia\u0142alno\u015b\u0107 Katolickiego Radia Podlasie oraz Regionalnego Portalu Informacyjnego podlasie24.pl <\/strong><\/p>\n<p>&nbsp;<\/p>\n<p>Fundacja Podlaskie Centrum Radiowe zosta\u0142a na pocz\u0105tku grudnia 2013 r., wpisana do Krajowego Rejestru S\u0105dowego jako Organizacja Po\u017cytku Publicznego. Dzi\u0119ki temu, wype\u0142niaj\u0105c zeznanie podatkowe, mo\u017cna odpisa\u0107 1 proc. podatku na rzecz Fundacji.<strong><br \/>\n<\/strong><\/p>\n<p>&nbsp;<\/p>\n<p>Nadrz\u0119dnym celem dzia\u0142alno\u015bci Fundacji Podlaskie Centrum Radiowe jest wsparcie dzia\u0142a\u0144 Katolickiego Radia Podlasie i Regionalnego Portalu Informacyjnego podlasie24.pl<\/p>\n<p>&nbsp;<\/p>\n<p>Po raz kolejny, tak\u017ce Pa\u0144stwo, nasi S\u0142uchacze i Czytelnicy sk\u0142adaj\u0105cy zeznanie podatkowe w Urz\u0119dzie Skarbowym, maj\u0105 okazj\u0119 odpisa\u0107 1% podatku na rzecz Fundacji Podlaskie Centrum Radiowe.<\/p>\n<p>&nbsp;<\/p>\n<p style=\"text-align: center;\">Aby to zrobi\u0107, nale\u017cy wskaza\u0107 w zeznaniu podatkowym za 2015 rok<\/p>\n<h1 style=\"text-align: center;\"><strong>Fundacj\u0119 Podlaskie Centrum Radiowe <\/strong><\/h1>\n<p style=\"text-align: center;\">i wpisa\u0107<\/p>\n<h1 style=\"text-align: center;\"><strong>nr KRS \u2013 0000 37 22 77<\/strong><\/h1>\n<p><strong>UWAGA EMERYCI I RENCI\u015aCI<\/strong><\/p>\n<p>Od 15 marca 2017 emeryci i renci\u015bci, kt\u00f3rzy chc\u0105 przekaza\u0107 1% podatku dla wybranej organizacji po\u017cytku publicznego wystarczy, \u017ce z\u0142o\u017c\u0105 do urz\u0119du skarbowego o\u015bwiadczenie PIT-OP (do 2 maja 2017r.) O\u015bwiadczenie mo\u017cna z\u0142o\u017cy\u0107 zar\u00f3wno w formie elektronicznej, jak i papierowej (zanie\u015b\u0107 do urz\u0119du skarbowego lub wys\u0142a\u0107 poczt\u0105). Druk mo\u017cna pobra\u0107 ze strony: <a href=\"http:\/\/www.finanse.mf.gov.pl\/documents\/766655\/5890163\/PIT+OP.pdf\">www.finanse.mf.gov.pl<\/a> (PIT&gt;formularze&gt;2017&gt;PlT-OP) lub z Urz\u0119du Skarbowego.<\/p>\n<p>Urz\u0105d Skarbowy samodzielnie wyliczy kwot\u0119 1% podatku i przeka\u017ce go na konto wybranej organizacji.<\/p>\n<p>Zach\u0119camy do przekazanie 1% na Katolickie Radio Podasie \u2013 w poz. 9 PIT \u2013 OP nale\u017cy wpisa\u0107 nr 0000372277.<\/p>\n<p>&nbsp;<\/p>\n<p><center><a href=\"https:\/\/pity.pl\/component\/banners\/click\/1\" target=\"_blank\" rel=\"attachment wp-att-483 noopener\"><img decoding=\"async\" loading=\"lazy\" class=\"aligncenter wp-image-483 size-full\" src=\"http:\/\/fundacja.radiopodlasie.pl\/wp-content\/uploads\/2018\/01\/P17_75x10.png\" alt=\"Fundacja Nasza Szko\u0142a\" width=\"750\" height=\"100\" srcset=\"https:\/\/fundacja.radiopodlasie.pl\/wp-content\/uploads\/2018\/01\/P17_75x10.png 750w, https:\/\/fundacja.radiopodlasie.pl\/wp-content\/uploads\/2018\/01\/P17_75x10-300x40.png 300w\" sizes=\"(max-width: 750px) 100vw, 750px\" \/><\/a><\/center><\/p>\n","protected":false},"excerpt":{"rendered":"<p>&nbsp; KRS &nbsp; 0000 37 22 77 Wpisuj\u0105c w zeznaniu podatkowym powy\u017cszy numer KRS mog\u0105 Pa\u0144stwo wesprze\u0107&nbsp; za po\u015brednictwem Fundacji Podlaskie Centrum Radiowe, dzia\u0142alno\u015b\u0107 Katolickiego Radia Podlasie oraz Regionalnego Portalu Informacyjnego podlasie24.pl &nbsp; Fundacja Podlaskie Centrum Radiowe zosta\u0142a na pocz\u0105tku grudnia 2013 r., wpisana do Krajowego Rejestru S\u0105dowego jako Organizacja Po\u017cytku Publicznego. Dzi\u0119ki temu, wype\u0142niaj\u0105c [&hellip;]<\/p>\n","protected":false},"author":3,"featured_media":306,"comment_status":"closed","ping_status":"closed","sticky":false,"template":"","format":"standard","meta":{"ngg_post_thumbnail":0},"categories":[4],"tags":[],"_links":{"self":[{"href":"https:\/\/fundacja.radiopodlasie.pl\/index.php?rest_route=\/wp\/v2\/posts\/305"}],"collection":[{"href":"https:\/\/fundacja.radiopodlasie.pl\/index.php?rest_route=\/wp\/v2\/posts"}],"about":[{"href":"https:\/\/fundacja.radiopodlasie.pl\/index.php?rest_route=\/wp\/v2\/types\/post"}],"author":[{"embeddable":true,"href":"https:\/\/fundacja.radiopodlasie.pl\/index.php?rest_route=\/wp\/v2\/users\/3"}],"replies":[{"embeddable":true,"href":"https:\/\/fundacja.radiopodlasie.pl\/index.php?rest_route=%2Fwp%2Fv2%2Fcomments&post=305"}],"version-history":[{"count":9,"href":"https:\/\/fundacja.radiopodlasie.pl\/index.php?rest_route=\/wp\/v2\/posts\/305\/revisions"}],"predecessor-version":[{"id":506,"href":"https:\/\/fundacja.radiopodlasie.pl\/index.php?rest_route=\/wp\/v2\/posts\/305\/revisions\/506"}],"wp:featuredmedia":[{"embeddable":true,"href":"https:\/\/fundacja.radiopodlasie.pl\/index.php?rest_route=\/wp\/v2\/media\/306"}],"wp:attachment":[{"href":"https:\/\/fundacja.radiopodlasie.pl\/index.php?rest_route=%2Fwp%2Fv2%2Fmedia&parent=305"}],"wp:term":[{"taxonomy":"category","embeddable":true,"href":"https:\/\/fundacja.radiopodlasie.pl\/index.php?rest_route=%2Fwp%2Fv2%2Fcategories&post=305"},{"taxonomy":"post_tag","embeddable":true,"href":"https:\/\/fundacja.radiopodlasie.pl\/index.php?rest_route=%2Fwp%2Fv2%2Ftags&post=305"}],"curies":[{"name":"wp","href":"https:\/\/api.w.org\/{rel}","templated":true}]}}