{"id":315,"date":"2014-01-07T14:19:32","date_gmt":"2014-01-07T13:19:32","guid":{"rendered":"http:\/\/fundacja.radiopodlasie.pl\/?p=315"},"modified":"2015-07-13T15:06:59","modified_gmt":"2015-07-13T13:06:59","slug":"spotkanie-noworoczne-samorzadowcow-politykow-przedsiebiorcow-i-przyjaciol-krp","status":"publish","type":"post","link":"https:\/\/fundacja.radiopodlasie.pl\/?p=315","title":{"rendered":"Spotkanie noworoczne samorz\u0105dowc\u00f3w, polityk\u00f3w, przedsi\u0119biorc\u00f3w i przyjaci\u00f3\u0142 KRP"},"content":{"rendered":"<p><a href=\"http:\/\/fundacja.radiopodlasie.pl\/wp-content\/uploads\/2015\/07\/3f0059e8ceda7a968ba09b662282135c.jpg\"><img decoding=\"async\" loading=\"lazy\" class=\"alignleft size-medium wp-image-316\" src=\"http:\/\/fundacja.radiopodlasie.pl\/wp-content\/uploads\/2015\/07\/3f0059e8ceda7a968ba09b662282135c-300x170.jpg\" alt=\"3f0059e8ceda7a968ba09b662282135c\" width=\"300\" height=\"170\" srcset=\"https:\/\/fundacja.radiopodlasie.pl\/wp-content\/uploads\/2015\/07\/3f0059e8ceda7a968ba09b662282135c-300x170.jpg 300w, https:\/\/fundacja.radiopodlasie.pl\/wp-content\/uploads\/2015\/07\/3f0059e8ceda7a968ba09b662282135c.jpg 591w\" sizes=\"(max-width: 300px) 100vw, 300px\" \/><\/a>7 stycznia 2014 roku w gmachu Wy\u017cszego Seminarium Duchownego Diecezji Siedleckiej w Opolu Nowym k\/Siedlec pod przewodnictwem Biskupa Pomocniczego diecezji siedleckiej Piotra Sawczuka odby\u0142o si\u0119 coroczne spotkanie op\u0142atkowe samorz\u0105dowc\u00f3w, przedsi\u0119biorc\u00f3w i przyjaci\u00f3\u0142 Katolickiego Radia Podlasie. Spotkanie wsp\u00f3\u0142organizowa\u0142a Fundacja Podlaskie Centrum Radiowe.<\/p>\n<p><a href=\"http:\/\/podlasie24.pl\/wiadomosci\/diec.-siedlecka\/spotkanie-noworoczne-samorzadowcow-politykow-przedsiebiorcow-i-przyjaciol-krp-1103b.html\" target=\"_blank\">Zobacz wi\u0119cej&#8230;<\/a><\/p>\n<p>&nbsp;<\/p>\n","protected":false},"excerpt":{"rendered":"<p>7 stycznia 2014 roku w gmachu Wy\u017cszego Seminarium Duchownego Diecezji Siedleckiej w Opolu Nowym k\/Siedlec pod przewodnictwem Biskupa Pomocniczego diecezji siedleckiej Piotra Sawczuka odby\u0142o si\u0119 coroczne spotkanie op\u0142atkowe samorz\u0105dowc\u00f3w, przedsi\u0119biorc\u00f3w i przyjaci\u00f3\u0142 Katolickiego Radia Podlasie. Spotkanie wsp\u00f3\u0142organizowa\u0142a Fundacja Podlaskie Centrum Radiowe. Zobacz wi\u0119cej&#8230; &nbsp;<\/p>\n","protected":false},"author":1,"featured_media":316,"comment_status":"closed","ping_status":"closed","sticky":false,"template":"","format":"standard","meta":{"ngg_post_thumbnail":0},"categories":[1],"tags":[],"_links":{"self":[{"href":"https:\/\/fundacja.radiopodlasie.pl\/index.php?rest_route=\/wp\/v2\/posts\/315"}],"collection":[{"href":"https:\/\/fundacja.radiopodlasie.pl\/index.php?rest_route=\/wp\/v2\/posts"}],"about":[{"href":"https:\/\/fundacja.radiopodlasie.pl\/index.php?rest_route=\/wp\/v2\/types\/post"}],"author":[{"embeddable":true,"href":"https:\/\/fundacja.radiopodlasie.pl\/index.php?rest_route=\/wp\/v2\/users\/1"}],"replies":[{"embeddable":true,"href":"https:\/\/fundacja.radiopodlasie.pl\/index.php?rest_route=%2Fwp%2Fv2%2Fcomments&post=315"}],"version-history":[{"count":2,"href":"https:\/\/fundacja.radiopodlasie.pl\/index.php?rest_route=\/wp\/v2\/posts\/315\/revisions"}],"predecessor-version":[{"id":318,"href":"https:\/\/fundacja.radiopodlasie.pl\/index.php?rest_route=\/wp\/v2\/posts\/315\/revisions\/318"}],"wp:featuredmedia":[{"embeddable":true,"href":"https:\/\/fundacja.radiopodlasie.pl\/index.php?rest_route=\/wp\/v2\/media\/316"}],"wp:attachment":[{"href":"https:\/\/fundacja.radiopodlasie.pl\/index.php?rest_route=%2Fwp%2Fv2%2Fmedia&parent=315"}],"wp:term":[{"taxonomy":"category","embeddable":true,"href":"https:\/\/fundacja.radiopodlasie.pl\/index.php?rest_route=%2Fwp%2Fv2%2Fcategories&post=315"},{"taxonomy":"post_tag","embeddable":true,"href":"https:\/\/fundacja.radiopodlasie.pl\/index.php?rest_route=%2Fwp%2Fv2%2Ftags&post=315"}],"curies":[{"name":"wp","href":"https:\/\/api.w.org\/{rel}","templated":true}]}}