{"id":319,"date":"2014-01-07T14:23:41","date_gmt":"2014-01-07T13:23:41","guid":{"rendered":"http:\/\/fundacja.radiopodlasie.pl\/?p=319"},"modified":"2015-07-13T14:58:46","modified_gmt":"2015-07-13T12:58:46","slug":"top-regionu-2013","status":"publish","type":"post","link":"https:\/\/fundacja.radiopodlasie.pl\/?p=319","title":{"rendered":"Sfinansowanie 3 statuetek TOP REGIONU 2013"},"content":{"rendered":"<p><a href=\"http:\/\/fundacja.radiopodlasie.pl\/wp-content\/uploads\/2015\/07\/98345c382fe618ad8c692b2dea212b04.jpg\"><img decoding=\"async\" loading=\"lazy\" class=\"alignleft size-medium wp-image-320\" src=\"http:\/\/fundacja.radiopodlasie.pl\/wp-content\/uploads\/2015\/07\/98345c382fe618ad8c692b2dea212b04-300x170.jpg\" alt=\"98345c382fe618ad8c692b2dea212b04\" width=\"300\" height=\"170\" srcset=\"https:\/\/fundacja.radiopodlasie.pl\/wp-content\/uploads\/2015\/07\/98345c382fe618ad8c692b2dea212b04-300x170.jpg 300w, https:\/\/fundacja.radiopodlasie.pl\/wp-content\/uploads\/2015\/07\/98345c382fe618ad8c692b2dea212b04.jpg 591w\" sizes=\"(max-width: 300px) 100vw, 300px\" \/><\/a>Sfinansowanie 3 statuetek TOP REGIONU 2013, wr\u0119czonych 7 stycznia 2014 roku w gmachu Wy\u017cszego Seminarium Duchownego Diecezji Siedleckiej w Opolu Nowym k\/Siedlec podczas dorocznego spotkania op\u0142atkowego samorz\u0105dowc\u00f3w, przedsi\u0119biorc\u00f3w i przyjaci\u00f3\u0142 Katolickiego Radia Podlasie. Statuetki przyznawane s\u0105 co roku w trzech kategoriach: Inwestycja, Wydarzenie Kulturalne, Wydarzenie Sortowe lub Sportowiec Roku.<\/p>\n<p><a href=\"http:\/\/www.podlasie24.pl\/wiadomosci\/z-regionu\/laureaci-plebiscytu-top-regionu-2013-11017.html\" target=\"_blank\">Zobacz wi\u0119cej&#8230;<\/a><\/p>\n","protected":false},"excerpt":{"rendered":"<p>Sfinansowanie 3 statuetek TOP REGIONU 2013, wr\u0119czonych 7 stycznia 2014 roku w gmachu Wy\u017cszego Seminarium Duchownego Diecezji Siedleckiej w Opolu Nowym k\/Siedlec podczas dorocznego spotkania op\u0142atkowego samorz\u0105dowc\u00f3w, przedsi\u0119biorc\u00f3w i przyjaci\u00f3\u0142 Katolickiego Radia Podlasie. Statuetki przyznawane s\u0105 co roku w trzech kategoriach: Inwestycja, Wydarzenie Kulturalne, Wydarzenie Sortowe lub Sportowiec Roku. Zobacz wi\u0119cej&#8230;<\/p>\n","protected":false},"author":1,"featured_media":320,"comment_status":"closed","ping_status":"closed","sticky":false,"template":"","format":"standard","meta":{"ngg_post_thumbnail":0},"categories":[1],"tags":[],"_links":{"self":[{"href":"https:\/\/fundacja.radiopodlasie.pl\/index.php?rest_route=\/wp\/v2\/posts\/319"}],"collection":[{"href":"https:\/\/fundacja.radiopodlasie.pl\/index.php?rest_route=\/wp\/v2\/posts"}],"about":[{"href":"https:\/\/fundacja.radiopodlasie.pl\/index.php?rest_route=\/wp\/v2\/types\/post"}],"author":[{"embeddable":true,"href":"https:\/\/fundacja.radiopodlasie.pl\/index.php?rest_route=\/wp\/v2\/users\/1"}],"replies":[{"embeddable":true,"href":"https:\/\/fundacja.radiopodlasie.pl\/index.php?rest_route=%2Fwp%2Fv2%2Fcomments&post=319"}],"version-history":[{"count":2,"href":"https:\/\/fundacja.radiopodlasie.pl\/index.php?rest_route=\/wp\/v2\/posts\/319\/revisions"}],"predecessor-version":[{"id":368,"href":"https:\/\/fundacja.radiopodlasie.pl\/index.php?rest_route=\/wp\/v2\/posts\/319\/revisions\/368"}],"wp:featuredmedia":[{"embeddable":true,"href":"https:\/\/fundacja.radiopodlasie.pl\/index.php?rest_route=\/wp\/v2\/media\/320"}],"wp:attachment":[{"href":"https:\/\/fundacja.radiopodlasie.pl\/index.php?rest_route=%2Fwp%2Fv2%2Fmedia&parent=319"}],"wp:term":[{"taxonomy":"category","embeddable":true,"href":"https:\/\/fundacja.radiopodlasie.pl\/index.php?rest_route=%2Fwp%2Fv2%2Fcategories&post=319"},{"taxonomy":"post_tag","embeddable":true,"href":"https:\/\/fundacja.radiopodlasie.pl\/index.php?rest_route=%2Fwp%2Fv2%2Ftags&post=319"}],"curies":[{"name":"wp","href":"https:\/\/api.w.org\/{rel}","templated":true}]}}