{"id":32,"date":"2011-09-09T17:01:40","date_gmt":"2011-09-09T15:01:40","guid":{"rendered":"http:\/\/fundacja.radiopodlasie.pl\/?p=32"},"modified":"2013-03-21T14:27:16","modified_gmt":"2013-03-21T13:27:16","slug":"konferencja-poloznych-rodzi-sie-czlowiek","status":"publish","type":"post","link":"https:\/\/fundacja.radiopodlasie.pl\/?p=32","title":{"rendered":"Konferencja po\u0142o\u017cnych: \u201eRodzi si\u0119 cz\u0142owiek\u201d"},"content":{"rendered":"<p><b>9 wrze\u015bnia 2011<\/b> roku w Chodowie k. Siedlec odby\u0142a si\u0119 konferencja po\u0142o\u017cnych \u201eRodzi si\u0119 cz\u0142owiek\u201d.<\/p>\n<p>Co tak naprawd\u0119 czuje noworodek? Jak zapewni\u0107 mu komfortowe warunki rozwoju i co jakie s\u0105 najnowsze standardy opieki oko\u0142oporodowej? Jakie prawa przys\u0142uguj\u0105 po\u0142o\u017cnym? W jaki spos\u00f3b matka mo\u017ce wyj\u015b\u0107 z poporodowej depresji? Na czym polega warto\u015b\u0107 rodziny w coraz mniej sprzyjaj\u0105cym rodzinom \u015bwiecie? \u2013 to tematy konferencji przygotowanej przez Okr\u0119gow\u0105 Izb\u0119 Piel\u0119gniarek i Po\u0142o\u017cnych w Siedlcach oraz Samodzielny Publiczny Zak\u0142ad Opieki Zdrowotnej w Siedlcach.<\/p>\n<p>Fundacja przygotowa\u0142a kampani\u0119 medialn\u0105, w ramach kt\u00f3rej przygotowano audycje i publikacje zapowiadaj\u0105ce to wydarzenie oraz relacje. Kampania zrealizowana zosta\u0142a przez Katolickie Radio Podlasie i Regionalny Portal Informacyjny podlasie24.pl.<\/p>\n<hr \/>\n<p><strong>ZOBACZ:<\/strong><br \/>\n<a href=\"http:\/\/podlasie24.pl\/wiadomosci\/siedlce\/konferencja-poloznych-rodzi-sie-czlowiek-7994.html\">Konferencja po\u0142o\u017cnych \u201eRodzi si\u0119 cz\u0142owiek\u201d<\/a><\/p>\n","protected":false},"excerpt":{"rendered":"<p>9 wrze\u015bnia 2011 roku w Chodowie k. Siedlec odby\u0142a si\u0119 konferencja po\u0142o\u017cnych \u201eRodzi si\u0119 cz\u0142owiek\u201d. Co tak naprawd\u0119 czuje noworodek? Jak zapewni\u0107 mu komfortowe warunki rozwoju i co jakie s\u0105 najnowsze standardy opieki oko\u0142oporodowej? Jakie prawa przys\u0142uguj\u0105 po\u0142o\u017cnym? W jaki spos\u00f3b matka mo\u017ce wyj\u015b\u0107 z poporodowej depresji? Na czym polega warto\u015b\u0107 rodziny w coraz mniej [&hellip;]<\/p>\n","protected":false},"author":1,"featured_media":60,"comment_status":"open","ping_status":"open","sticky":false,"template":"","format":"standard","meta":{"ngg_post_thumbnail":0},"categories":[1],"tags":[],"_links":{"self":[{"href":"https:\/\/fundacja.radiopodlasie.pl\/index.php?rest_route=\/wp\/v2\/posts\/32"}],"collection":[{"href":"https:\/\/fundacja.radiopodlasie.pl\/index.php?rest_route=\/wp\/v2\/posts"}],"about":[{"href":"https:\/\/fundacja.radiopodlasie.pl\/index.php?rest_route=\/wp\/v2\/types\/post"}],"author":[{"embeddable":true,"href":"https:\/\/fundacja.radiopodlasie.pl\/index.php?rest_route=\/wp\/v2\/users\/1"}],"replies":[{"embeddable":true,"href":"https:\/\/fundacja.radiopodlasie.pl\/index.php?rest_route=%2Fwp%2Fv2%2Fcomments&post=32"}],"version-history":[{"count":5,"href":"https:\/\/fundacja.radiopodlasie.pl\/index.php?rest_route=\/wp\/v2\/posts\/32\/revisions"}],"predecessor-version":[{"id":91,"href":"https:\/\/fundacja.radiopodlasie.pl\/index.php?rest_route=\/wp\/v2\/posts\/32\/revisions\/91"}],"wp:featuredmedia":[{"embeddable":true,"href":"https:\/\/fundacja.radiopodlasie.pl\/index.php?rest_route=\/wp\/v2\/media\/60"}],"wp:attachment":[{"href":"https:\/\/fundacja.radiopodlasie.pl\/index.php?rest_route=%2Fwp%2Fv2%2Fmedia&parent=32"}],"wp:term":[{"taxonomy":"category","embeddable":true,"href":"https:\/\/fundacja.radiopodlasie.pl\/index.php?rest_route=%2Fwp%2Fv2%2Fcategories&post=32"},{"taxonomy":"post_tag","embeddable":true,"href":"https:\/\/fundacja.radiopodlasie.pl\/index.php?rest_route=%2Fwp%2Fv2%2Ftags&post=32"}],"curies":[{"name":"wp","href":"https:\/\/api.w.org\/{rel}","templated":true}]}}