{"id":322,"date":"2014-03-07T14:26:53","date_gmt":"2014-03-07T13:26:53","guid":{"rendered":"http:\/\/fundacja.radiopodlasie.pl\/?p=322"},"modified":"2015-07-13T14:55:24","modified_gmt":"2015-07-13T12:55:24","slug":"o-wawrzyn-najbardziej-aktywne-i-bezpieczne-solectwo-subregionu-siedlecko-ostroleckiego","status":"publish","type":"post","link":"https:\/\/fundacja.radiopodlasie.pl\/?p=322","title":{"rendered":"Wsparcie konkursu pod nazw\u0105 \u201eO Wawrzyn \u2013 najbardziej aktywne i bezpieczne so\u0142ectwo subregionu siedlecko-ostro\u0142\u0119ckiego\u201d"},"content":{"rendered":"<p><a href=\"http:\/\/fundacja.radiopodlasie.pl\/wp-content\/uploads\/2015\/07\/3fbe5e36dff518b206bc8c661a3508ca.jpg\"><img decoding=\"async\" loading=\"lazy\" class=\"alignleft size-medium wp-image-323\" src=\"http:\/\/fundacja.radiopodlasie.pl\/wp-content\/uploads\/2015\/07\/3fbe5e36dff518b206bc8c661a3508ca-300x168.jpg\" alt=\"3fbe5e36dff518b206bc8c661a3508ca\" width=\"300\" height=\"168\" srcset=\"https:\/\/fundacja.radiopodlasie.pl\/wp-content\/uploads\/2015\/07\/3fbe5e36dff518b206bc8c661a3508ca-300x168.jpg 300w, https:\/\/fundacja.radiopodlasie.pl\/wp-content\/uploads\/2015\/07\/3fbe5e36dff518b206bc8c661a3508ca.jpg 591w\" sizes=\"(max-width: 300px) 100vw, 300px\" \/><\/a>Pomys\u0142odawcami i g\u0142\u00f3wnymi organizatorami konkursu byli Jaros\u0142aw Kalinowski, pose\u0142 do Parlamentu Europejskiego oraz Krzysztof Borkowski, pose\u0142 na Sejm. Fundacja Podlaskie Centrum Radiowe udzieli\u0142a wsparcia medialnego temu wydarzeniu. Konkurs trwa\u0142 od lutego do kwietnia 2014 roku.<\/p>\n<p><a href=\"http:\/\/www.podlasie24.pl\/wiadomosci\/wybieraja-najbardziej-aktywne-i-bezpieczne-solectwo--11c04.html\" target=\"_blank\">Zobacz wi\u0119cej&#8230;<\/a><\/p>\n","protected":false},"excerpt":{"rendered":"<p>Pomys\u0142odawcami i g\u0142\u00f3wnymi organizatorami konkursu byli Jaros\u0142aw Kalinowski, pose\u0142 do Parlamentu Europejskiego oraz Krzysztof Borkowski, pose\u0142 na Sejm. Fundacja Podlaskie Centrum Radiowe udzieli\u0142a wsparcia medialnego temu wydarzeniu. Konkurs trwa\u0142 od lutego do kwietnia 2014 roku. Zobacz wi\u0119cej&#8230;<\/p>\n","protected":false},"author":1,"featured_media":323,"comment_status":"closed","ping_status":"closed","sticky":false,"template":"","format":"standard","meta":{"ngg_post_thumbnail":0},"categories":[1],"tags":[],"_links":{"self":[{"href":"https:\/\/fundacja.radiopodlasie.pl\/index.php?rest_route=\/wp\/v2\/posts\/322"}],"collection":[{"href":"https:\/\/fundacja.radiopodlasie.pl\/index.php?rest_route=\/wp\/v2\/posts"}],"about":[{"href":"https:\/\/fundacja.radiopodlasie.pl\/index.php?rest_route=\/wp\/v2\/types\/post"}],"author":[{"embeddable":true,"href":"https:\/\/fundacja.radiopodlasie.pl\/index.php?rest_route=\/wp\/v2\/users\/1"}],"replies":[{"embeddable":true,"href":"https:\/\/fundacja.radiopodlasie.pl\/index.php?rest_route=%2Fwp%2Fv2%2Fcomments&post=322"}],"version-history":[{"count":2,"href":"https:\/\/fundacja.radiopodlasie.pl\/index.php?rest_route=\/wp\/v2\/posts\/322\/revisions"}],"predecessor-version":[{"id":365,"href":"https:\/\/fundacja.radiopodlasie.pl\/index.php?rest_route=\/wp\/v2\/posts\/322\/revisions\/365"}],"wp:featuredmedia":[{"embeddable":true,"href":"https:\/\/fundacja.radiopodlasie.pl\/index.php?rest_route=\/wp\/v2\/media\/323"}],"wp:attachment":[{"href":"https:\/\/fundacja.radiopodlasie.pl\/index.php?rest_route=%2Fwp%2Fv2%2Fmedia&parent=322"}],"wp:term":[{"taxonomy":"category","embeddable":true,"href":"https:\/\/fundacja.radiopodlasie.pl\/index.php?rest_route=%2Fwp%2Fv2%2Fcategories&post=322"},{"taxonomy":"post_tag","embeddable":true,"href":"https:\/\/fundacja.radiopodlasie.pl\/index.php?rest_route=%2Fwp%2Fv2%2Ftags&post=322"}],"curies":[{"name":"wp","href":"https:\/\/api.w.org\/{rel}","templated":true}]}}