{"id":325,"date":"2014-01-30T14:30:00","date_gmt":"2014-01-30T13:30:00","guid":{"rendered":"http:\/\/fundacja.radiopodlasie.pl\/?p=325"},"modified":"2015-07-13T14:57:37","modified_gmt":"2015-07-13T12:57:37","slug":"pierwsze-z-cyklu-spotkan-inspirowanych-zblizajacym-sie-jubileuszem-1050-rocznicy-chrztu-polski","status":"publish","type":"post","link":"https:\/\/fundacja.radiopodlasie.pl\/?p=325","title":{"rendered":"Wsparcie organizacyjne pierwszego z cyklu spotka\u0144 inspirowanych zbli\u017caj\u0105cym si\u0119 jubileuszem 1050. rocznicy Chrztu Polski"},"content":{"rendered":"<p><a href=\"http:\/\/fundacja.radiopodlasie.pl\/wp-content\/uploads\/2015\/07\/bcbbec84307012457c8435e2cd0dfd8f.jpg\"><img decoding=\"async\" loading=\"lazy\" class=\"alignleft size-medium wp-image-326\" src=\"http:\/\/fundacja.radiopodlasie.pl\/wp-content\/uploads\/2015\/07\/bcbbec84307012457c8435e2cd0dfd8f-300x170.jpg\" alt=\"bcbbec84307012457c8435e2cd0dfd8f\" width=\"300\" height=\"170\" srcset=\"https:\/\/fundacja.radiopodlasie.pl\/wp-content\/uploads\/2015\/07\/bcbbec84307012457c8435e2cd0dfd8f-300x170.jpg 300w, https:\/\/fundacja.radiopodlasie.pl\/wp-content\/uploads\/2015\/07\/bcbbec84307012457c8435e2cd0dfd8f.jpg 591w\" sizes=\"(max-width: 300px) 100vw, 300px\" \/><\/a> 30 stycznia 2014 roku w auli Katolickim Liceum Og\u00f3lnokszta\u0142c\u0105cym imienia \u015awi\u0119tej Rodziny w Siedlcach zgromadzili si\u0119 cz\u0142onkowie Bractwa \u015awi\u0119tego Judy Tadeusza, s\u0142uchacze Radia Podlasie oraz wszyscy zainteresowani. Tre\u015b\u0107 pierwszego spotkania stanowi\u0142 wyk\u0142ad ks. Wojciecha Hackiewicza nawi\u0105zuj\u0105cy do tematyki og\u00f3lnopolskiego programu duszpasterskiego na rok 2014 pt: &#8222;Wiara w Jezusa Syna Bo\u017cego jako duchowy fundament kulturowej to\u017csamo\u015bci Europy&#8221;. Fundacja Podlaskie Centrum Radiowe by\u0142a wsp\u00f3\u0142organizatorem tego spotkania.<\/p>\n<p><a href=\"http:\/\/www.podlasie24.pl\/wiadomosci\/diec.-siedlecka\/pierwsze-z-cyklu-spotkan-inspirowanych-zblizajacym-sie-jubileuszem-1050-rocznicy-chrztu-polski-11505.html\" target=\"_blank\">Zobacz wi\u0119cej&#8230;<\/a><\/p>\n","protected":false},"excerpt":{"rendered":"<p>30 stycznia 2014 roku w auli Katolickim Liceum Og\u00f3lnokszta\u0142c\u0105cym imienia \u015awi\u0119tej Rodziny w Siedlcach zgromadzili si\u0119 cz\u0142onkowie Bractwa \u015awi\u0119tego Judy Tadeusza, s\u0142uchacze Radia Podlasie oraz wszyscy zainteresowani. Tre\u015b\u0107 pierwszego spotkania stanowi\u0142 wyk\u0142ad ks. Wojciecha Hackiewicza nawi\u0105zuj\u0105cy do tematyki og\u00f3lnopolskiego programu duszpasterskiego na rok 2014 pt: &#8222;Wiara w Jezusa Syna Bo\u017cego jako duchowy fundament kulturowej to\u017csamo\u015bci [&hellip;]<\/p>\n","protected":false},"author":1,"featured_media":326,"comment_status":"closed","ping_status":"closed","sticky":false,"template":"","format":"standard","meta":{"ngg_post_thumbnail":0},"categories":[1],"tags":[],"_links":{"self":[{"href":"https:\/\/fundacja.radiopodlasie.pl\/index.php?rest_route=\/wp\/v2\/posts\/325"}],"collection":[{"href":"https:\/\/fundacja.radiopodlasie.pl\/index.php?rest_route=\/wp\/v2\/posts"}],"about":[{"href":"https:\/\/fundacja.radiopodlasie.pl\/index.php?rest_route=\/wp\/v2\/types\/post"}],"author":[{"embeddable":true,"href":"https:\/\/fundacja.radiopodlasie.pl\/index.php?rest_route=\/wp\/v2\/users\/1"}],"replies":[{"embeddable":true,"href":"https:\/\/fundacja.radiopodlasie.pl\/index.php?rest_route=%2Fwp%2Fv2%2Fcomments&post=325"}],"version-history":[{"count":3,"href":"https:\/\/fundacja.radiopodlasie.pl\/index.php?rest_route=\/wp\/v2\/posts\/325\/revisions"}],"predecessor-version":[{"id":367,"href":"https:\/\/fundacja.radiopodlasie.pl\/index.php?rest_route=\/wp\/v2\/posts\/325\/revisions\/367"}],"wp:featuredmedia":[{"embeddable":true,"href":"https:\/\/fundacja.radiopodlasie.pl\/index.php?rest_route=\/wp\/v2\/media\/326"}],"wp:attachment":[{"href":"https:\/\/fundacja.radiopodlasie.pl\/index.php?rest_route=%2Fwp%2Fv2%2Fmedia&parent=325"}],"wp:term":[{"taxonomy":"category","embeddable":true,"href":"https:\/\/fundacja.radiopodlasie.pl\/index.php?rest_route=%2Fwp%2Fv2%2Fcategories&post=325"},{"taxonomy":"post_tag","embeddable":true,"href":"https:\/\/fundacja.radiopodlasie.pl\/index.php?rest_route=%2Fwp%2Fv2%2Ftags&post=325"}],"curies":[{"name":"wp","href":"https:\/\/api.w.org\/{rel}","templated":true}]}}