{"id":328,"date":"2014-02-21T14:32:35","date_gmt":"2014-02-21T13:32:35","guid":{"rendered":"http:\/\/fundacja.radiopodlasie.pl\/?p=328"},"modified":"2015-07-13T14:56:12","modified_gmt":"2015-07-13T12:56:12","slug":"aspekty-kulturowe-i-filozoficzne-a-tozsamosc-chrzescijanska","status":"publish","type":"post","link":"https:\/\/fundacja.radiopodlasie.pl\/?p=328","title":{"rendered":"Wsp\u00f3\u0142organizacja drugiego z cyklu spotka\u0144 inspirowanych zbli\u017caj\u0105cym si\u0119 Jubileuszem 1050 rocznicy Chrztu Polski"},"content":{"rendered":"<p><a href=\"http:\/\/fundacja.radiopodlasie.pl\/wp-content\/uploads\/2015\/07\/4ee12aa4f3302318a8c08d4c628c1abc.jpg\"><img decoding=\"async\" loading=\"lazy\" class=\"alignleft size-medium wp-image-329\" src=\"http:\/\/fundacja.radiopodlasie.pl\/wp-content\/uploads\/2015\/07\/4ee12aa4f3302318a8c08d4c628c1abc-300x170.jpg\" alt=\"4ee12aa4f3302318a8c08d4c628c1abc\" width=\"300\" height=\"170\" srcset=\"https:\/\/fundacja.radiopodlasie.pl\/wp-content\/uploads\/2015\/07\/4ee12aa4f3302318a8c08d4c628c1abc-300x170.jpg 300w, https:\/\/fundacja.radiopodlasie.pl\/wp-content\/uploads\/2015\/07\/4ee12aa4f3302318a8c08d4c628c1abc.jpg 591w\" sizes=\"(max-width: 300px) 100vw, 300px\" \/><\/a> Spotkanie odby\u0142o si\u0119 20 lutego 2014 roku w auli I Katolickiego Liceum Og\u00f3lnokszta\u0142c\u0105cego w Siedlcach. Podczas spotkania ks. Grzegorz Stolarski wyg\u0142osi\u0142 wyk\u0142ad \u201eAspekty kulturowe i filozoficzne a to\u017csamo\u015b\u0107 chrze\u015bcija\u0144ska\u201d. Fundacja Podlaskie Centrum Radiowe by\u0142a wsp\u00f3\u0142organizatorem spotkania.<\/p>\n<p><a href=\"http:\/\/www.podlasie24.pl\/wiadomosci\/diec.-siedlecka\/aspekty-kulturowe-i-filozoficzne-a-tozsamosc-chrzescijanska-11953.html\" target=\"_blank\">Zobacz wi\u0119cej&#8230;<\/a><\/p>\n","protected":false},"excerpt":{"rendered":"<p>Spotkanie odby\u0142o si\u0119 20 lutego 2014 roku w auli I Katolickiego Liceum Og\u00f3lnokszta\u0142c\u0105cego w Siedlcach. Podczas spotkania ks. Grzegorz Stolarski wyg\u0142osi\u0142 wyk\u0142ad \u201eAspekty kulturowe i filozoficzne a to\u017csamo\u015b\u0107 chrze\u015bcija\u0144ska\u201d. Fundacja Podlaskie Centrum Radiowe by\u0142a wsp\u00f3\u0142organizatorem spotkania. Zobacz wi\u0119cej&#8230;<\/p>\n","protected":false},"author":1,"featured_media":329,"comment_status":"closed","ping_status":"closed","sticky":false,"template":"","format":"standard","meta":{"ngg_post_thumbnail":0},"categories":[1],"tags":[],"_links":{"self":[{"href":"https:\/\/fundacja.radiopodlasie.pl\/index.php?rest_route=\/wp\/v2\/posts\/328"}],"collection":[{"href":"https:\/\/fundacja.radiopodlasie.pl\/index.php?rest_route=\/wp\/v2\/posts"}],"about":[{"href":"https:\/\/fundacja.radiopodlasie.pl\/index.php?rest_route=\/wp\/v2\/types\/post"}],"author":[{"embeddable":true,"href":"https:\/\/fundacja.radiopodlasie.pl\/index.php?rest_route=\/wp\/v2\/users\/1"}],"replies":[{"embeddable":true,"href":"https:\/\/fundacja.radiopodlasie.pl\/index.php?rest_route=%2Fwp%2Fv2%2Fcomments&post=328"}],"version-history":[{"count":2,"href":"https:\/\/fundacja.radiopodlasie.pl\/index.php?rest_route=\/wp\/v2\/posts\/328\/revisions"}],"predecessor-version":[{"id":366,"href":"https:\/\/fundacja.radiopodlasie.pl\/index.php?rest_route=\/wp\/v2\/posts\/328\/revisions\/366"}],"wp:featuredmedia":[{"embeddable":true,"href":"https:\/\/fundacja.radiopodlasie.pl\/index.php?rest_route=\/wp\/v2\/media\/329"}],"wp:attachment":[{"href":"https:\/\/fundacja.radiopodlasie.pl\/index.php?rest_route=%2Fwp%2Fv2%2Fmedia&parent=328"}],"wp:term":[{"taxonomy":"category","embeddable":true,"href":"https:\/\/fundacja.radiopodlasie.pl\/index.php?rest_route=%2Fwp%2Fv2%2Fcategories&post=328"},{"taxonomy":"post_tag","embeddable":true,"href":"https:\/\/fundacja.radiopodlasie.pl\/index.php?rest_route=%2Fwp%2Fv2%2Ftags&post=328"}],"curies":[{"name":"wp","href":"https:\/\/api.w.org\/{rel}","templated":true}]}}