{"id":332,"date":"2014-03-28T14:35:28","date_gmt":"2014-03-28T13:35:28","guid":{"rendered":"http:\/\/fundacja.radiopodlasie.pl\/?p=332"},"modified":"2015-07-13T14:54:47","modified_gmt":"2015-07-13T12:54:47","slug":"iii-spotkanie-z-cyklu-spotkan-inspirowanych-zblizajacym-sie-jubileuszem-1050-rocznicy-chrztu-polski","status":"publish","type":"post","link":"https:\/\/fundacja.radiopodlasie.pl\/?p=332","title":{"rendered":"Wsparcie kolejnego z spotka\u0144 inspirowanych 1050 rocznic\u0105 Chrztu Polski"},"content":{"rendered":"<p><a href=\"http:\/\/fundacja.radiopodlasie.pl\/wp-content\/uploads\/2015\/07\/a29f8ba7209cf05fad17838e08f626d9.jpg\"><img decoding=\"async\" loading=\"lazy\" class=\"alignleft size-medium wp-image-333\" src=\"http:\/\/fundacja.radiopodlasie.pl\/wp-content\/uploads\/2015\/07\/a29f8ba7209cf05fad17838e08f626d9-300x169.jpg\" alt=\"a29f8ba7209cf05fad17838e08f626d9\" width=\"300\" height=\"169\" srcset=\"https:\/\/fundacja.radiopodlasie.pl\/wp-content\/uploads\/2015\/07\/a29f8ba7209cf05fad17838e08f626d9-300x169.jpg 300w, https:\/\/fundacja.radiopodlasie.pl\/wp-content\/uploads\/2015\/07\/a29f8ba7209cf05fad17838e08f626d9.jpg 591w\" sizes=\"(max-width: 300px) 100vw, 300px\" \/><\/a> Odby\u0142o si\u0119 ono 27 marca 2014 roku w Katolickim Liceum Og\u00f3lnokszta\u0142c\u0105cym imienia \u015awi\u0119tej Rodziny w Siedlcach. Wyk\u0142ad wyg\u0142osi\u0142 ks. Jacek \u015awiatek, kt\u00f3ry opowiedzia\u0142 o zale\u017cno\u015bci mi\u0119dzy upadkiem cywilizacji \u0142aci\u0144skiej a chrze\u015bcija\u0144stwem. Punktem wyj\u015bcia do wyk\u0142adu by\u0142 film traktuj\u0105cy o upadku cywilizacji zachodniej. Spotkanie wsp\u00f3\u0142organizowa\u0142a Fundacja Podlaskie Centrum Radiowe.<\/p>\n<p><a href=\"http:\/\/www.podlasie24.pl\/wiadomosci\/diec.-siedlecka\/iii-spotkanie-z-cyklu-spotkan-inspirowanych-zblizajacym-sie-jubileuszem-1050-rocznicy-chrztu-polski--12046.html\" target=\"_blank\">Zobacz wi\u0119cej&#8230;<\/a><\/p>\n","protected":false},"excerpt":{"rendered":"<p>Odby\u0142o si\u0119 ono 27 marca 2014 roku w Katolickim Liceum Og\u00f3lnokszta\u0142c\u0105cym imienia \u015awi\u0119tej Rodziny w Siedlcach. Wyk\u0142ad wyg\u0142osi\u0142 ks. Jacek \u015awiatek, kt\u00f3ry opowiedzia\u0142 o zale\u017cno\u015bci mi\u0119dzy upadkiem cywilizacji \u0142aci\u0144skiej a chrze\u015bcija\u0144stwem. Punktem wyj\u015bcia do wyk\u0142adu by\u0142 film traktuj\u0105cy o upadku cywilizacji zachodniej. Spotkanie wsp\u00f3\u0142organizowa\u0142a Fundacja Podlaskie Centrum Radiowe. Zobacz wi\u0119cej&#8230;<\/p>\n","protected":false},"author":1,"featured_media":333,"comment_status":"closed","ping_status":"closed","sticky":false,"template":"","format":"standard","meta":{"ngg_post_thumbnail":0},"categories":[1],"tags":[],"_links":{"self":[{"href":"https:\/\/fundacja.radiopodlasie.pl\/index.php?rest_route=\/wp\/v2\/posts\/332"}],"collection":[{"href":"https:\/\/fundacja.radiopodlasie.pl\/index.php?rest_route=\/wp\/v2\/posts"}],"about":[{"href":"https:\/\/fundacja.radiopodlasie.pl\/index.php?rest_route=\/wp\/v2\/types\/post"}],"author":[{"embeddable":true,"href":"https:\/\/fundacja.radiopodlasie.pl\/index.php?rest_route=\/wp\/v2\/users\/1"}],"replies":[{"embeddable":true,"href":"https:\/\/fundacja.radiopodlasie.pl\/index.php?rest_route=%2Fwp%2Fv2%2Fcomments&post=332"}],"version-history":[{"count":2,"href":"https:\/\/fundacja.radiopodlasie.pl\/index.php?rest_route=\/wp\/v2\/posts\/332\/revisions"}],"predecessor-version":[{"id":364,"href":"https:\/\/fundacja.radiopodlasie.pl\/index.php?rest_route=\/wp\/v2\/posts\/332\/revisions\/364"}],"wp:featuredmedia":[{"embeddable":true,"href":"https:\/\/fundacja.radiopodlasie.pl\/index.php?rest_route=\/wp\/v2\/media\/333"}],"wp:attachment":[{"href":"https:\/\/fundacja.radiopodlasie.pl\/index.php?rest_route=%2Fwp%2Fv2%2Fmedia&parent=332"}],"wp:term":[{"taxonomy":"category","embeddable":true,"href":"https:\/\/fundacja.radiopodlasie.pl\/index.php?rest_route=%2Fwp%2Fv2%2Fcategories&post=332"},{"taxonomy":"post_tag","embeddable":true,"href":"https:\/\/fundacja.radiopodlasie.pl\/index.php?rest_route=%2Fwp%2Fv2%2Ftags&post=332"}],"curies":[{"name":"wp","href":"https:\/\/api.w.org\/{rel}","templated":true}]}}