{"id":335,"date":"2014-04-11T14:37:12","date_gmt":"2014-04-11T12:37:12","guid":{"rendered":"http:\/\/fundacja.radiopodlasie.pl\/?p=335"},"modified":"2015-07-13T14:54:14","modified_gmt":"2015-07-13T12:54:14","slug":"wielkopostny-wieczor-skupienia-w-siedlcach","status":"publish","type":"post","link":"https:\/\/fundacja.radiopodlasie.pl\/?p=335","title":{"rendered":"Wsparcie wydarzenia pod nazw\u0105: \u201eWielkopostny Wiecz\u00f3r Skupienia w Siedlcach\u201d"},"content":{"rendered":"<p><a href=\"http:\/\/fundacja.radiopodlasie.pl\/wp-content\/uploads\/2015\/07\/a2cb9a909bb25c01d88efce59ae36b3a.jpg\"><img decoding=\"async\" loading=\"lazy\" class=\"alignleft size-medium wp-image-336\" src=\"http:\/\/fundacja.radiopodlasie.pl\/wp-content\/uploads\/2015\/07\/a2cb9a909bb25c01d88efce59ae36b3a-300x170.jpg\" alt=\"a2cb9a909bb25c01d88efce59ae36b3a\" width=\"300\" height=\"170\" srcset=\"https:\/\/fundacja.radiopodlasie.pl\/wp-content\/uploads\/2015\/07\/a2cb9a909bb25c01d88efce59ae36b3a-300x170.jpg 300w, https:\/\/fundacja.radiopodlasie.pl\/wp-content\/uploads\/2015\/07\/a2cb9a909bb25c01d88efce59ae36b3a.jpg 591w\" sizes=\"(max-width: 300px) 100vw, 300px\" \/><\/a>Spotkanie odby\u0142o si\u0119 10 kwietnia 2014 roku. Organizatorzy to Katolickie Radio Podlasie, Bractwo \u015bw. Judy Tadeusza i Fundacja Podlaskie Centrum Radiowe. Na spotkanie, kt\u00f3re odby\u0142o si\u0119 w gmachu Katolickiego Liceum Og\u00f3lnokszta\u0142c\u0105cego im. \u015awi\u0119tej Rodziny w Siedlcach, przybyli przyjaciele i s\u0142uchacze diecezjalnej rozg\u0142o\u015bni.<\/p>\n<p><a href=\"http:\/\/podlasie24.pl\/wiadomosci\/diec.-siedlecka\/wielkopostny-wieczor-skupienia-w-siedlcach--12334.html\" target=\"_blank\">Zobacz wi\u0119cej&#8230;<\/a><\/p>\n","protected":false},"excerpt":{"rendered":"<p>Spotkanie odby\u0142o si\u0119 10 kwietnia 2014 roku. Organizatorzy to Katolickie Radio Podlasie, Bractwo \u015bw. Judy Tadeusza i Fundacja Podlaskie Centrum Radiowe. Na spotkanie, kt\u00f3re odby\u0142o si\u0119 w gmachu Katolickiego Liceum Og\u00f3lnokszta\u0142c\u0105cego im. \u015awi\u0119tej Rodziny w Siedlcach, przybyli przyjaciele i s\u0142uchacze diecezjalnej rozg\u0142o\u015bni. Zobacz wi\u0119cej&#8230;<\/p>\n","protected":false},"author":1,"featured_media":336,"comment_status":"closed","ping_status":"closed","sticky":false,"template":"","format":"standard","meta":{"ngg_post_thumbnail":0},"categories":[1],"tags":[],"_links":{"self":[{"href":"https:\/\/fundacja.radiopodlasie.pl\/index.php?rest_route=\/wp\/v2\/posts\/335"}],"collection":[{"href":"https:\/\/fundacja.radiopodlasie.pl\/index.php?rest_route=\/wp\/v2\/posts"}],"about":[{"href":"https:\/\/fundacja.radiopodlasie.pl\/index.php?rest_route=\/wp\/v2\/types\/post"}],"author":[{"embeddable":true,"href":"https:\/\/fundacja.radiopodlasie.pl\/index.php?rest_route=\/wp\/v2\/users\/1"}],"replies":[{"embeddable":true,"href":"https:\/\/fundacja.radiopodlasie.pl\/index.php?rest_route=%2Fwp%2Fv2%2Fcomments&post=335"}],"version-history":[{"count":2,"href":"https:\/\/fundacja.radiopodlasie.pl\/index.php?rest_route=\/wp\/v2\/posts\/335\/revisions"}],"predecessor-version":[{"id":363,"href":"https:\/\/fundacja.radiopodlasie.pl\/index.php?rest_route=\/wp\/v2\/posts\/335\/revisions\/363"}],"wp:featuredmedia":[{"embeddable":true,"href":"https:\/\/fundacja.radiopodlasie.pl\/index.php?rest_route=\/wp\/v2\/media\/336"}],"wp:attachment":[{"href":"https:\/\/fundacja.radiopodlasie.pl\/index.php?rest_route=%2Fwp%2Fv2%2Fmedia&parent=335"}],"wp:term":[{"taxonomy":"category","embeddable":true,"href":"https:\/\/fundacja.radiopodlasie.pl\/index.php?rest_route=%2Fwp%2Fv2%2Fcategories&post=335"},{"taxonomy":"post_tag","embeddable":true,"href":"https:\/\/fundacja.radiopodlasie.pl\/index.php?rest_route=%2Fwp%2Fv2%2Ftags&post=335"}],"curies":[{"name":"wp","href":"https:\/\/api.w.org\/{rel}","templated":true}]}}