{"id":338,"date":"2014-05-30T14:39:06","date_gmt":"2014-05-30T12:39:06","guid":{"rendered":"http:\/\/fundacja.radiopodlasie.pl\/?p=338"},"modified":"2015-07-13T14:53:43","modified_gmt":"2015-07-13T12:53:43","slug":"w-siedlcach-o-bioetyce-w-aspekcie-chrzescijanskim","status":"publish","type":"post","link":"https:\/\/fundacja.radiopodlasie.pl\/?p=338","title":{"rendered":"Wsparcie spotkania, podczas kt\u00f3rego wyk\u0142ad p.t. \u201eBioetyka w aspekcie chrze\u015bcija\u0144skim\u201d wyg\u0142osi\u0142 ks. prof. Stanis\u0142aw Warzeszka w Siedlcach"},"content":{"rendered":"<p><a href=\"http:\/\/fundacja.radiopodlasie.pl\/wp-content\/uploads\/2015\/07\/2cedf5e8006c97a00af803a17d0109d5.jpg\"><img decoding=\"async\" loading=\"lazy\" class=\"alignleft size-medium wp-image-339\" src=\"http:\/\/fundacja.radiopodlasie.pl\/wp-content\/uploads\/2015\/07\/2cedf5e8006c97a00af803a17d0109d5-300x170.jpg\" alt=\"2cedf5e8006c97a00af803a17d0109d5\" width=\"300\" height=\"170\" srcset=\"https:\/\/fundacja.radiopodlasie.pl\/wp-content\/uploads\/2015\/07\/2cedf5e8006c97a00af803a17d0109d5-300x170.jpg 300w, https:\/\/fundacja.radiopodlasie.pl\/wp-content\/uploads\/2015\/07\/2cedf5e8006c97a00af803a17d0109d5.jpg 591w\" sizes=\"(max-width: 300px) 100vw, 300px\" \/><\/a> Organizatorami spotkania, kt\u00f3re mia\u0142o miejsce 29 maja 2014 roku w sali wyk\u0142adowej siedleckiego KLO, by\u0142y: Bractwo \u015aw. Judy Tadeusza oraz Fundacja Podlaskie Centrum Radiowe. Spotkanie odby\u0142o si\u0119 pod patronatem Katolickiego Radia Podlasie i portalu podlasie24.pl<\/p>\n<p><a href=\"http:\/\/www.podlasie24.pl\/miasto-siedlce\/kosciol\/w-siedlcach-o-bioetyce-w-aspekcie-chrzescijanskim-12cf6.html\" target=\"_blank\">Zobacz wi\u0119cej&#8230;<\/a><\/p>\n","protected":false},"excerpt":{"rendered":"<p>Organizatorami spotkania, kt\u00f3re mia\u0142o miejsce 29 maja 2014 roku w sali wyk\u0142adowej siedleckiego KLO, by\u0142y: Bractwo \u015aw. Judy Tadeusza oraz Fundacja Podlaskie Centrum Radiowe. Spotkanie odby\u0142o si\u0119 pod patronatem Katolickiego Radia Podlasie i portalu podlasie24.pl Zobacz wi\u0119cej&#8230;<\/p>\n","protected":false},"author":1,"featured_media":339,"comment_status":"closed","ping_status":"closed","sticky":false,"template":"","format":"standard","meta":{"ngg_post_thumbnail":0},"categories":[1],"tags":[],"_links":{"self":[{"href":"https:\/\/fundacja.radiopodlasie.pl\/index.php?rest_route=\/wp\/v2\/posts\/338"}],"collection":[{"href":"https:\/\/fundacja.radiopodlasie.pl\/index.php?rest_route=\/wp\/v2\/posts"}],"about":[{"href":"https:\/\/fundacja.radiopodlasie.pl\/index.php?rest_route=\/wp\/v2\/types\/post"}],"author":[{"embeddable":true,"href":"https:\/\/fundacja.radiopodlasie.pl\/index.php?rest_route=\/wp\/v2\/users\/1"}],"replies":[{"embeddable":true,"href":"https:\/\/fundacja.radiopodlasie.pl\/index.php?rest_route=%2Fwp%2Fv2%2Fcomments&post=338"}],"version-history":[{"count":2,"href":"https:\/\/fundacja.radiopodlasie.pl\/index.php?rest_route=\/wp\/v2\/posts\/338\/revisions"}],"predecessor-version":[{"id":362,"href":"https:\/\/fundacja.radiopodlasie.pl\/index.php?rest_route=\/wp\/v2\/posts\/338\/revisions\/362"}],"wp:featuredmedia":[{"embeddable":true,"href":"https:\/\/fundacja.radiopodlasie.pl\/index.php?rest_route=\/wp\/v2\/media\/339"}],"wp:attachment":[{"href":"https:\/\/fundacja.radiopodlasie.pl\/index.php?rest_route=%2Fwp%2Fv2%2Fmedia&parent=338"}],"wp:term":[{"taxonomy":"category","embeddable":true,"href":"https:\/\/fundacja.radiopodlasie.pl\/index.php?rest_route=%2Fwp%2Fv2%2Fcategories&post=338"},{"taxonomy":"post_tag","embeddable":true,"href":"https:\/\/fundacja.radiopodlasie.pl\/index.php?rest_route=%2Fwp%2Fv2%2Ftags&post=338"}],"curies":[{"name":"wp","href":"https:\/\/api.w.org\/{rel}","templated":true}]}}